{"id":192284,"date":"2025-01-29T07:13:17","date_gmt":"2025-01-29T07:13:17","guid":{"rendered":"https:\/\/werbekompass.ch\/?p=192284"},"modified":"2026-01-28T12:15:19","modified_gmt":"2026-01-28T12:15:19","slug":"dezember-deutlich-hinter-vorjahr","status":"publish","type":"post","link":"https:\/\/werbekompass.ch\/en\/dezember-deutlich-hinter-vorjahr\/","title":{"rendered":"December well below previous year"},"content":{"rendered":"\n<figure class=\"wp-block-image size-full\"><img loading=\"lazy\" decoding=\"async\" width=\"710\" height=\"482\" src=\"https:\/\/werbekompass.ch\/wp-content\/uploads\/2024\/08\/Titelbild-Werbemarkt-Trend-DE-2024-1-1.webp\" alt=\"\" class=\"wp-image-190644\" srcset=\"https:\/\/werbekompass.ch\/wp-content\/uploads\/2024\/08\/Titelbild-Werbemarkt-Trend-DE-2024-1-1.webp 710w, https:\/\/werbekompass.ch\/wp-content\/uploads\/2024\/08\/Titelbild-Werbemarkt-Trend-DE-2024-1-1-300x204.webp 300w\" sizes=\"auto, (max-width: 710px) 100vw, 710px\" \/><\/figure>\n\n\n\n<p>Der \u00abklassische\u00bb Werbemarkt schliesst das Jahr mit 355 Millionen Franken Brutto-Werbedruck im Dezember ab, was im Vergleich zum Vorjahr einem Minus von 5.8 Prozent entspricht. Im Vergleich zum Vormonat ist ebenfalls eine deutliche Abnahme von 14 Prozent zu verzeichnen.<\/p>\n\n\n\n<p>Insgesamt bel\u00e4uft sich der Jahreswerbedruck YTD auf 3&#8217;995.3 Mio. Brutto-Werbefranken und liegt damit knapp unter dem Vorjahresniveau mit einem Minus von 0.9 Prozent.<\/p>\n\n\n\n<p>Bei den klassischen Mediengruppen konnte im Vergleich zum Vorjahr keine Gruppe einen Zuwachs verzeichnen. Bei <strong>Kino<\/strong> war der R\u00fcckgang am gr\u00f6ssten (-10.3%)*, gefolgt von <strong>TV<\/strong> (-6.7%) und <strong>Print<\/strong> (-5.5%). Auch bei der Mediengruppe <strong>Radio<\/strong> (-5.2%) sowie auch bei <strong>Out-of-Home* <\/strong>(-4.4%) sind r\u00fcckl\u00e4ufige Entwicklungen zu beobachten.<\/p>\n\n\n\n<p>* <strong>In den Bereichen Out-of-Home und Kino stehen noch Nachlieferungen f\u00fcr das vierte Quartal aus. Diese werden den Gesamttrend allerdings nur geringf\u00fcgig beeinflussen und den Negativtrend nicht umkehren.<\/strong><\/p>\n\n\n\n<p>Im Bereich der digitalen Medien zeigt sich ein gemischtes Bild. W\u00e4hrend <strong>YouTube<\/strong> im Vergleich zum Vorjahr zulegen kann, verzeichnen <strong>Search<\/strong> und <strong>Display<\/strong> einen R\u00fcckgang.<\/p>\n\n\n\n<p>F\u00fcr eine ausf\u00fchrlichere Analyse des Gesamtmarktes empfehlen wir Ihnen unser <strong>Jahresr\u00e9sum\u00e9 2024<\/strong> zu lesen. <br><\/p>\n\n\n\n<h2 class=\"wp-block-heading\">Werbedruck im Gesamtmarkt<\/h2>\n\n\n\n<p>Entwicklung des Werbedrucks per Dezember 2024 in Mio. Bruttofranken.<\/p>\n\n\n\n<figure class=\"wp-block-image size-large is-resized\"><img loading=\"lazy\" decoding=\"async\" width=\"1024\" height=\"584\" src=\"https:\/\/werbekompass.ch\/wp-content\/uploads\/2025\/01\/dd6efe4c-b8f8-49ff-8b40-a7185e2bec92_wmt_12_2024_de_en_fr-1-1024x584.png\" alt=\"\" class=\"wp-image-192350\" style=\"width:1085px;height:auto\" srcset=\"https:\/\/werbekompass.ch\/wp-content\/uploads\/2025\/01\/dd6efe4c-b8f8-49ff-8b40-a7185e2bec92_wmt_12_2024_de_en_fr-1-1024x584.png 1024w, https:\/\/werbekompass.ch\/wp-content\/uploads\/2025\/01\/dd6efe4c-b8f8-49ff-8b40-a7185e2bec92_wmt_12_2024_de_en_fr-1-300x171.png 300w, https:\/\/werbekompass.ch\/wp-content\/uploads\/2025\/01\/dd6efe4c-b8f8-49ff-8b40-a7185e2bec92_wmt_12_2024_de_en_fr-1-768x438.png 768w, https:\/\/werbekompass.ch\/wp-content\/uploads\/2025\/01\/dd6efe4c-b8f8-49ff-8b40-a7185e2bec92_wmt_12_2024_de_en_fr-1-1536x876.png 1536w, https:\/\/werbekompass.ch\/wp-content\/uploads\/2025\/01\/dd6efe4c-b8f8-49ff-8b40-a7185e2bec92_wmt_12_2024_de_en_fr-1-2048x1168.png 2048w\" sizes=\"auto, (max-width: 1024px) 100vw, 1024px\" \/><\/figure>\n\n\n\n<figure class=\"wp-block-image size-large is-resized\"><img loading=\"lazy\" decoding=\"async\" width=\"1024\" height=\"584\" src=\"https:\/\/werbekompass.ch\/wp-content\/uploads\/2025\/01\/dd6efe4c-b8f8-49ff-8b40-a7185e2bec92_wmt_12_2024_de_en_fr-4-1024x584.png\" alt=\"\" class=\"wp-image-192353\" style=\"width:1085px;height:auto\" srcset=\"https:\/\/werbekompass.ch\/wp-content\/uploads\/2025\/01\/dd6efe4c-b8f8-49ff-8b40-a7185e2bec92_wmt_12_2024_de_en_fr-4-1024x584.png 1024w, https:\/\/werbekompass.ch\/wp-content\/uploads\/2025\/01\/dd6efe4c-b8f8-49ff-8b40-a7185e2bec92_wmt_12_2024_de_en_fr-4-300x171.png 300w, https:\/\/werbekompass.ch\/wp-content\/uploads\/2025\/01\/dd6efe4c-b8f8-49ff-8b40-a7185e2bec92_wmt_12_2024_de_en_fr-4-768x438.png 768w, https:\/\/werbekompass.ch\/wp-content\/uploads\/2025\/01\/dd6efe4c-b8f8-49ff-8b40-a7185e2bec92_wmt_12_2024_de_en_fr-4-1536x876.png 1536w, https:\/\/werbekompass.ch\/wp-content\/uploads\/2025\/01\/dd6efe4c-b8f8-49ff-8b40-a7185e2bec92_wmt_12_2024_de_en_fr-4-2048x1168.png 2048w\" sizes=\"auto, (max-width: 1024px) 100vw, 1024px\" \/><\/figure>\n\n\n\n<h3 class=\"wp-block-heading\"><br>Branchenranking<\/h3>\n\n\n\n<p>Branchenranking im Dezember.<\/p>\n\n\n\n<figure class=\"wp-block-image size-large is-resized\"><img loading=\"lazy\" decoding=\"async\" width=\"1024\" height=\"584\" src=\"https:\/\/werbekompass.ch\/wp-content\/uploads\/2025\/01\/DE-Werbemarkt-Trend-Branchenranking-klassisch-1024x584.png\" alt=\"\" class=\"wp-image-192404\" style=\"width:1085px;height:auto\" srcset=\"https:\/\/werbekompass.ch\/wp-content\/uploads\/2025\/01\/DE-Werbemarkt-Trend-Branchenranking-klassisch-1024x584.png 1024w, https:\/\/werbekompass.ch\/wp-content\/uploads\/2025\/01\/DE-Werbemarkt-Trend-Branchenranking-klassisch-300x171.png 300w, https:\/\/werbekompass.ch\/wp-content\/uploads\/2025\/01\/DE-Werbemarkt-Trend-Branchenranking-klassisch-768x438.png 768w, https:\/\/werbekompass.ch\/wp-content\/uploads\/2025\/01\/DE-Werbemarkt-Trend-Branchenranking-klassisch-1536x876.png 1536w, https:\/\/werbekompass.ch\/wp-content\/uploads\/2025\/01\/DE-Werbemarkt-Trend-Branchenranking-klassisch-2048x1168.png 2048w\" sizes=\"auto, (max-width: 1024px) 100vw, 1024px\" \/><\/figure>\n\n\n\n<h3 class=\"wp-block-heading\">Top Werbungtreibende &#038; Produkte<\/h3>\n\n\n\n<p>Die Top Werbungtreibenden und meistbeworbenen Produkte sowie Dienstleistungen (ohne Sortiments- Imagewerbung und Sammelkategorien) im Dezember.<\/p>\n\n\n\n<figure class=\"wp-block-image size-full\"><img loading=\"lazy\" decoding=\"async\" width=\"8000\" height=\"3259\" src=\"https:\/\/werbekompass.ch\/wp-content\/uploads\/2025\/01\/dd6efe4c-b8f8-49ff-8b40-a7185e2bec92_wmt_12_2024_de_en_fr-13.png\" alt=\"\" class=\"wp-image-192362\" srcset=\"https:\/\/werbekompass.ch\/wp-content\/uploads\/2025\/01\/dd6efe4c-b8f8-49ff-8b40-a7185e2bec92_wmt_12_2024_de_en_fr-13.png 8000w, https:\/\/werbekompass.ch\/wp-content\/uploads\/2025\/01\/dd6efe4c-b8f8-49ff-8b40-a7185e2bec92_wmt_12_2024_de_en_fr-13-300x122.png 300w, https:\/\/werbekompass.ch\/wp-content\/uploads\/2025\/01\/dd6efe4c-b8f8-49ff-8b40-a7185e2bec92_wmt_12_2024_de_en_fr-13-1024x417.png 1024w, https:\/\/werbekompass.ch\/wp-content\/uploads\/2025\/01\/dd6efe4c-b8f8-49ff-8b40-a7185e2bec92_wmt_12_2024_de_en_fr-13-768x313.png 768w, https:\/\/werbekompass.ch\/wp-content\/uploads\/2025\/01\/dd6efe4c-b8f8-49ff-8b40-a7185e2bec92_wmt_12_2024_de_en_fr-13-1536x626.png 1536w, https:\/\/werbekompass.ch\/wp-content\/uploads\/2025\/01\/dd6efe4c-b8f8-49ff-8b40-a7185e2bec92_wmt_12_2024_de_en_fr-13-2048x834.png 2048w\" sizes=\"auto, (max-width: 8000px) 100vw, 8000px\" \/><\/figure>\n\n\n\n<h3 class=\"wp-block-heading\">Media Mix<\/h3>\n\n\n\n<p>Media Mix f\u00fcr den Monat Dezember.<\/p>\n\n\n\n<figure class=\"wp-block-image size-large is-resized\"><img loading=\"lazy\" decoding=\"async\" width=\"1024\" height=\"584\" src=\"https:\/\/werbekompass.ch\/wp-content\/uploads\/2025\/01\/dd6efe4c-b8f8-49ff-8b40-a7185e2bec92_wmt_12_2024_de_en_fr-10-1024x584.png\" alt=\"\" class=\"wp-image-192369\" style=\"width:1085px;height:auto\" srcset=\"https:\/\/werbekompass.ch\/wp-content\/uploads\/2025\/01\/dd6efe4c-b8f8-49ff-8b40-a7185e2bec92_wmt_12_2024_de_en_fr-10-1024x584.png 1024w, https:\/\/werbekompass.ch\/wp-content\/uploads\/2025\/01\/dd6efe4c-b8f8-49ff-8b40-a7185e2bec92_wmt_12_2024_de_en_fr-10-300x171.png 300w, https:\/\/werbekompass.ch\/wp-content\/uploads\/2025\/01\/dd6efe4c-b8f8-49ff-8b40-a7185e2bec92_wmt_12_2024_de_en_fr-10-768x438.png 768w, https:\/\/werbekompass.ch\/wp-content\/uploads\/2025\/01\/dd6efe4c-b8f8-49ff-8b40-a7185e2bec92_wmt_12_2024_de_en_fr-10-1536x876.png 1536w, https:\/\/werbekompass.ch\/wp-content\/uploads\/2025\/01\/dd6efe4c-b8f8-49ff-8b40-a7185e2bec92_wmt_12_2024_de_en_fr-10-2048x1168.png 2048w\" sizes=\"auto, (max-width: 1024px) 100vw, 1024px\" \/><\/figure>\n\n\n\n<hr class=\"wp-block-separator has-alpha-channel-opacity\"\/>\n\n\n\n<div style=\"height:64px\" aria-hidden=\"true\" class=\"wp-block-spacer\"><\/div>\n\n\n\n<h3 class=\"wp-block-heading\">Werbedruck im digitalen Markt<\/h3>\n\n\n\n<p>Entwicklung des Werbedrucks per Dezember 2024 in Mio. Bruttofranken.<\/p>\n\n\n\n<figure class=\"wp-block-image size-full\"><img loading=\"lazy\" decoding=\"async\" width=\"8000\" height=\"4563\" src=\"https:\/\/werbekompass.ch\/wp-content\/uploads\/2025\/01\/dd6efe4c-b8f8-49ff-8b40-a7185e2bec92_wmt_12_2024_de_en_fr-16-1.png\" alt=\"\" class=\"wp-image-192372\" srcset=\"https:\/\/werbekompass.ch\/wp-content\/uploads\/2025\/01\/dd6efe4c-b8f8-49ff-8b40-a7185e2bec92_wmt_12_2024_de_en_fr-16-1.png 8000w, https:\/\/werbekompass.ch\/wp-content\/uploads\/2025\/01\/dd6efe4c-b8f8-49ff-8b40-a7185e2bec92_wmt_12_2024_de_en_fr-16-1-300x171.png 300w, https:\/\/werbekompass.ch\/wp-content\/uploads\/2025\/01\/dd6efe4c-b8f8-49ff-8b40-a7185e2bec92_wmt_12_2024_de_en_fr-16-1-1024x584.png 1024w, https:\/\/werbekompass.ch\/wp-content\/uploads\/2025\/01\/dd6efe4c-b8f8-49ff-8b40-a7185e2bec92_wmt_12_2024_de_en_fr-16-1-768x438.png 768w, https:\/\/werbekompass.ch\/wp-content\/uploads\/2025\/01\/dd6efe4c-b8f8-49ff-8b40-a7185e2bec92_wmt_12_2024_de_en_fr-16-1-1536x876.png 1536w, https:\/\/werbekompass.ch\/wp-content\/uploads\/2025\/01\/dd6efe4c-b8f8-49ff-8b40-a7185e2bec92_wmt_12_2024_de_en_fr-16-1-2048x1168.png 2048w\" sizes=\"auto, (max-width: 8000px) 100vw, 8000px\" \/><\/figure>\n\n\n\n<div style=\"height:37px\" aria-hidden=\"true\" class=\"wp-block-spacer\"><\/div>\n\n\n\n<figure class=\"wp-block-image size-large is-resized\"><img loading=\"lazy\" decoding=\"async\" width=\"1024\" height=\"584\" src=\"https:\/\/werbekompass.ch\/wp-content\/uploads\/2025\/01\/dd6efe4c-b8f8-49ff-8b40-a7185e2bec92_wmt_12_2024_de_en_fr-19-1024x584.png\" alt=\"\" class=\"wp-image-192375\" style=\"width:1085px;height:auto\" srcset=\"https:\/\/werbekompass.ch\/wp-content\/uploads\/2025\/01\/dd6efe4c-b8f8-49ff-8b40-a7185e2bec92_wmt_12_2024_de_en_fr-19-1024x584.png 1024w, https:\/\/werbekompass.ch\/wp-content\/uploads\/2025\/01\/dd6efe4c-b8f8-49ff-8b40-a7185e2bec92_wmt_12_2024_de_en_fr-19-300x171.png 300w, https:\/\/werbekompass.ch\/wp-content\/uploads\/2025\/01\/dd6efe4c-b8f8-49ff-8b40-a7185e2bec92_wmt_12_2024_de_en_fr-19-768x438.png 768w, https:\/\/werbekompass.ch\/wp-content\/uploads\/2025\/01\/dd6efe4c-b8f8-49ff-8b40-a7185e2bec92_wmt_12_2024_de_en_fr-19-1536x876.png 1536w, https:\/\/werbekompass.ch\/wp-content\/uploads\/2025\/01\/dd6efe4c-b8f8-49ff-8b40-a7185e2bec92_wmt_12_2024_de_en_fr-19-2048x1168.png 2048w\" sizes=\"auto, (max-width: 1024px) 100vw, 1024px\" \/><\/figure>\n\n\n\n<h3 class=\"wp-block-heading\">Branchenranking<\/h3>\n\n\n\n<p>Branchenranking im&nbsp;Dezember.<\/p>\n\n\n\n<figure class=\"wp-block-image size-large is-resized\"><img loading=\"lazy\" decoding=\"async\" width=\"1024\" height=\"584\" src=\"https:\/\/werbekompass.ch\/wp-content\/uploads\/2025\/01\/dd6efe4c-b8f8-49ff-8b40-a7185e2bec92_wmt_12_2024_de_en_fr-22-1024x584.png\" alt=\"\" class=\"wp-image-192378\" style=\"width:1085px;height:auto\" srcset=\"https:\/\/werbekompass.ch\/wp-content\/uploads\/2025\/01\/dd6efe4c-b8f8-49ff-8b40-a7185e2bec92_wmt_12_2024_de_en_fr-22-1024x584.png 1024w, https:\/\/werbekompass.ch\/wp-content\/uploads\/2025\/01\/dd6efe4c-b8f8-49ff-8b40-a7185e2bec92_wmt_12_2024_de_en_fr-22-300x171.png 300w, https:\/\/werbekompass.ch\/wp-content\/uploads\/2025\/01\/dd6efe4c-b8f8-49ff-8b40-a7185e2bec92_wmt_12_2024_de_en_fr-22-768x438.png 768w, https:\/\/werbekompass.ch\/wp-content\/uploads\/2025\/01\/dd6efe4c-b8f8-49ff-8b40-a7185e2bec92_wmt_12_2024_de_en_fr-22-1536x876.png 1536w, https:\/\/werbekompass.ch\/wp-content\/uploads\/2025\/01\/dd6efe4c-b8f8-49ff-8b40-a7185e2bec92_wmt_12_2024_de_en_fr-22-2048x1168.png 2048w\" sizes=\"auto, (max-width: 1024px) 100vw, 1024px\" \/><\/figure>\n\n\n\n<h3 class=\"wp-block-heading\">Top Produkte digital<\/h3>\n\n\n\n<p>Die meistbeworbenen Produkte sowie Dienstleistungen (ohne Sortiments- Imagewerbung und Sammelkategorien) im Dezember.<\/p>\n\n\n\n<figure class=\"wp-block-image size-large is-resized\"><img loading=\"lazy\" decoding=\"async\" width=\"1024\" height=\"377\" src=\"https:\/\/werbekompass.ch\/wp-content\/uploads\/2025\/01\/dd6efe4c-b8f8-49ff-8b40-a7185e2bec92_wmt_12_2024_de_en_fr-31-1024x377.png\" alt=\"\" class=\"wp-image-192387\" style=\"width:1085px;height:auto\" srcset=\"https:\/\/werbekompass.ch\/wp-content\/uploads\/2025\/01\/dd6efe4c-b8f8-49ff-8b40-a7185e2bec92_wmt_12_2024_de_en_fr-31-1024x377.png 1024w, https:\/\/werbekompass.ch\/wp-content\/uploads\/2025\/01\/dd6efe4c-b8f8-49ff-8b40-a7185e2bec92_wmt_12_2024_de_en_fr-31-300x110.png 300w, https:\/\/werbekompass.ch\/wp-content\/uploads\/2025\/01\/dd6efe4c-b8f8-49ff-8b40-a7185e2bec92_wmt_12_2024_de_en_fr-31-768x283.png 768w, https:\/\/werbekompass.ch\/wp-content\/uploads\/2025\/01\/dd6efe4c-b8f8-49ff-8b40-a7185e2bec92_wmt_12_2024_de_en_fr-31-1536x565.png 1536w, https:\/\/werbekompass.ch\/wp-content\/uploads\/2025\/01\/dd6efe4c-b8f8-49ff-8b40-a7185e2bec92_wmt_12_2024_de_en_fr-31-2048x754.png 2048w\" sizes=\"auto, (max-width: 1024px) 100vw, 1024px\" \/><\/figure>\n\n\n\n<h3 class=\"wp-block-heading\">Media Mix<\/h3>\n\n\n\n<p>Media Mix f\u00fcr den Monat Dezember.<\/p>\n\n\n\n<figure class=\"wp-block-image size-full\"><img loading=\"lazy\" decoding=\"async\" width=\"8000\" height=\"4563\" src=\"https:\/\/werbekompass.ch\/wp-content\/uploads\/2025\/01\/dd6efe4c-b8f8-49ff-8b40-a7185e2bec92_wmt_12_2024_de_en_fr-28-2.png\" alt=\"\" class=\"wp-image-192390\" srcset=\"https:\/\/werbekompass.ch\/wp-content\/uploads\/2025\/01\/dd6efe4c-b8f8-49ff-8b40-a7185e2bec92_wmt_12_2024_de_en_fr-28-2.png 8000w, https:\/\/werbekompass.ch\/wp-content\/uploads\/2025\/01\/dd6efe4c-b8f8-49ff-8b40-a7185e2bec92_wmt_12_2024_de_en_fr-28-2-300x171.png 300w, https:\/\/werbekompass.ch\/wp-content\/uploads\/2025\/01\/dd6efe4c-b8f8-49ff-8b40-a7185e2bec92_wmt_12_2024_de_en_fr-28-2-1024x584.png 1024w, https:\/\/werbekompass.ch\/wp-content\/uploads\/2025\/01\/dd6efe4c-b8f8-49ff-8b40-a7185e2bec92_wmt_12_2024_de_en_fr-28-2-768x438.png 768w, https:\/\/werbekompass.ch\/wp-content\/uploads\/2025\/01\/dd6efe4c-b8f8-49ff-8b40-a7185e2bec92_wmt_12_2024_de_en_fr-28-2-1536x876.png 1536w, https:\/\/werbekompass.ch\/wp-content\/uploads\/2025\/01\/dd6efe4c-b8f8-49ff-8b40-a7185e2bec92_wmt_12_2024_de_en_fr-28-2-2048x1168.png 2048w\" sizes=\"auto, (max-width: 8000px) 100vw, 8000px\" \/><\/figure>\n\n\n\n<p><\/p>\n\n\n\n<p>Kontakt: mediafocus@mediafocus.ch, Tel.: +41 43 322 27 50<\/p>\n\n\n\n<div class=\"wp-block-buttons is-layout-flex wp-block-buttons-is-layout-flex\">\n<div class=\"wp-block-button\"><a class=\"wp-block-button__link wp-element-button\" href=\"https:\/\/mediafocus.ch\/en\/publications-en\/2024-annual-summary\/\">Jahresr\u00e9sum\u00e9 2024<\/a><\/div>\n<\/div>\n\n\n\n<div class=\"wp-block-buttons is-layout-flex wp-block-buttons-is-layout-flex\">\n<div class=\"wp-block-button\"><a class=\"wp-block-button__link wp-element-button\" href=\"https:\/\/mediafocus.ch\/publikationen\/werbedruck-im-weihnachtshoch-jedoch-unter-vorjahr\/\">Werbemarkt Trend November 2024<\/a><\/div>\n<\/div>\n\n\n\n<p><\/p>\n\n\n\n<p><\/p>\n","protected":false},"excerpt":{"rendered":"<p>Der \u00abklassische\u00bb Werbemarkt schliesst das Jahr mit 355 Millionen Franken Brutto-Werbedruck im Dezember ab, was im Vergleich zum Vorjahr einem Minus von 5.8 Prozent entspricht. Im Vergleich zum Vormonat ist ebenfalls eine deutliche Abnahme von 14 Prozent zu verzeichnen. Insgesamt bel\u00e4uft sich der Jahreswerbedruck YTD auf 3&#8217;995.3 Mio. Brutto-Werbefranken und liegt damit knapp unter dem [&hellip;]<\/p>\n","protected":false},"author":12,"featured_media":160979,"comment_status":"closed","ping_status":"closed","sticky":false,"template":"","format":"standard","meta":{"_acf_changed":false,"footnotes":""},"categories":[214,96],"tags":[],"class_list":["post-192284","post","type-post","status-publish","format-standard","has-post-thumbnail","hentry","category-werbemarkttrend-en","category-publications"],"acf":[],"yoast_head":"<!-- This site is optimized with the Yoast SEO plugin v27.0 - https:\/\/yoast.com\/product\/yoast-seo-wordpress\/ -->\n<title>December well below previous year - Werbekompass<\/title>\n<meta name=\"description\" content=\"Advertising Market Trend December 2024 with the Media Mix, Top Products, Advertisers and Industries for May 2024.\" \/>\n<meta name=\"robots\" content=\"index, follow, max-snippet:-1, max-image-preview:large, max-video-preview:-1\" \/>\n<link rel=\"canonical\" href=\"https:\/\/werbekompass.ch\/en\/dezember-deutlich-hinter-vorjahr\/\" \/>\n<meta property=\"og:locale\" content=\"en_US\" \/>\n<meta property=\"og:type\" content=\"article\" \/>\n<meta property=\"og:title\" content=\"December well below previous year - Werbekompass\" \/>\n<meta property=\"og:description\" content=\"Advertising Market Trend December 2024 with the Media Mix, Top Products, Advertisers and Industries for May 2024.\" \/>\n<meta property=\"og:url\" content=\"https:\/\/werbekompass.ch\/en\/dezember-deutlich-hinter-vorjahr\/\" \/>\n<meta property=\"og:site_name\" content=\"Werbekompass\" \/>\n<meta property=\"article:published_time\" content=\"2025-01-29T07:13:17+00:00\" \/>\n<meta property=\"article:modified_time\" content=\"2026-01-28T12:15:19+00:00\" \/>\n<meta name=\"author\" content=\"Media Focus\" \/>\n<meta name=\"twitter:card\" content=\"summary_large_image\" \/>\n<meta name=\"twitter:label1\" content=\"Written by\" \/>\n\t<meta name=\"twitter:data1\" content=\"Media Focus\" \/>\n\t<meta name=\"twitter:label2\" content=\"Est. reading time\" \/>\n\t<meta name=\"twitter:data2\" content=\"4 minutes\" \/>\n<script type=\"application\/ld+json\" class=\"yoast-schema-graph\">{\"@context\":\"https:\/\/schema.org\",\"@graph\":[{\"@type\":\"Article\",\"@id\":\"https:\/\/werbekompass.ch\/en\/dezember-deutlich-hinter-vorjahr\/#article\",\"isPartOf\":{\"@id\":\"https:\/\/werbekompass.ch\/en\/dezember-deutlich-hinter-vorjahr\/\"},\"author\":{\"name\":\"Media Focus\",\"@id\":\"https:\/\/werbekompass.ch\/en\/#\/schema\/person\/6a9965f3fa4e754ab6d4e61a669060e0\"},\"headline\":\"December well below previous year\",\"datePublished\":\"2025-01-29T07:13:17+00:00\",\"dateModified\":\"2026-01-28T12:15:19+00:00\",\"mainEntityOfPage\":{\"@id\":\"https:\/\/werbekompass.ch\/en\/dezember-deutlich-hinter-vorjahr\/\"},\"wordCount\":276,\"image\":{\"@id\":\"https:\/\/werbekompass.ch\/en\/dezember-deutlich-hinter-vorjahr\/#primaryimage\"},\"thumbnailUrl\":\"\",\"articleSection\":[\"Advertising market trend\",\"Media Focus Publications\"],\"inLanguage\":\"en-US\"},{\"@type\":\"WebPage\",\"@id\":\"https:\/\/werbekompass.ch\/en\/dezember-deutlich-hinter-vorjahr\/\",\"url\":\"https:\/\/werbekompass.ch\/en\/dezember-deutlich-hinter-vorjahr\/\",\"name\":\"December well below previous year - Werbekompass\",\"isPartOf\":{\"@id\":\"https:\/\/werbekompass.ch\/en\/#website\"},\"primaryImageOfPage\":{\"@id\":\"https:\/\/werbekompass.ch\/en\/dezember-deutlich-hinter-vorjahr\/#primaryimage\"},\"image\":{\"@id\":\"https:\/\/werbekompass.ch\/en\/dezember-deutlich-hinter-vorjahr\/#primaryimage\"},\"thumbnailUrl\":\"\",\"datePublished\":\"2025-01-29T07:13:17+00:00\",\"dateModified\":\"2026-01-28T12:15:19+00:00\",\"author\":{\"@id\":\"https:\/\/werbekompass.ch\/en\/#\/schema\/person\/6a9965f3fa4e754ab6d4e61a669060e0\"},\"description\":\"Advertising Market Trend December 2024 with the Media Mix, Top Products, Advertisers and Industries for May 2024.\",\"breadcrumb\":{\"@id\":\"https:\/\/werbekompass.ch\/en\/dezember-deutlich-hinter-vorjahr\/#breadcrumb\"},\"inLanguage\":\"en-US\",\"potentialAction\":[{\"@type\":\"ReadAction\",\"target\":[\"https:\/\/werbekompass.ch\/en\/dezember-deutlich-hinter-vorjahr\/\"]}]},{\"@type\":\"ImageObject\",\"inLanguage\":\"en-US\",\"@id\":\"https:\/\/werbekompass.ch\/en\/dezember-deutlich-hinter-vorjahr\/#primaryimage\",\"url\":\"\",\"contentUrl\":\"\"},{\"@type\":\"BreadcrumbList\",\"@id\":\"https:\/\/werbekompass.ch\/en\/dezember-deutlich-hinter-vorjahr\/#breadcrumb\",\"itemListElement\":[{\"@type\":\"ListItem\",\"position\":1,\"name\":\"Home\",\"item\":\"https:\/\/werbekompass.ch\/en\/\"},{\"@type\":\"ListItem\",\"position\":2,\"name\":\"December well below previous year\"}]},{\"@type\":\"WebSite\",\"@id\":\"https:\/\/werbekompass.ch\/en\/#website\",\"url\":\"https:\/\/werbekompass.ch\/en\/\",\"name\":\"Werbekompass\",\"description\":\"Wichtige Begriffe aus der Werbung und Medien\",\"potentialAction\":[{\"@type\":\"SearchAction\",\"target\":{\"@type\":\"EntryPoint\",\"urlTemplate\":\"https:\/\/werbekompass.ch\/en\/?s={search_term_string}\"},\"query-input\":{\"@type\":\"PropertyValueSpecification\",\"valueRequired\":true,\"valueName\":\"search_term_string\"}}],\"inLanguage\":\"en-US\"},{\"@type\":\"Person\",\"@id\":\"https:\/\/werbekompass.ch\/en\/#\/schema\/person\/6a9965f3fa4e754ab6d4e61a669060e0\",\"name\":\"Media Focus\",\"image\":{\"@type\":\"ImageObject\",\"inLanguage\":\"en-US\",\"@id\":\"https:\/\/werbekompass.ch\/en\/#\/schema\/person\/image\/\",\"url\":\"https:\/\/secure.gravatar.com\/avatar\/8ec154e3c74cc275b9bfed07fce8c8e2225c5b9cd512d65b3b727263274ae22e?s=96&d=mm&r=g\",\"contentUrl\":\"https:\/\/secure.gravatar.com\/avatar\/8ec154e3c74cc275b9bfed07fce8c8e2225c5b9cd512d65b3b727263274ae22e?s=96&d=mm&r=g\",\"caption\":\"Media Focus\"},\"url\":\"https:\/\/werbekompass.ch\/en\/author\/media-focus\/\"}]}<\/script>\n<!-- \/ Yoast SEO plugin. -->","yoast_head_json":{"title":"December well below previous year - Werbekompass","description":"Advertising Market Trend December 2024 with the Media Mix, Top Products, Advertisers and Industries for May 2024.","robots":{"index":"index","follow":"follow","max-snippet":"max-snippet:-1","max-image-preview":"max-image-preview:large","max-video-preview":"max-video-preview:-1"},"canonical":"https:\/\/werbekompass.ch\/en\/dezember-deutlich-hinter-vorjahr\/","og_locale":"en_US","og_type":"article","og_title":"December well below previous year - Werbekompass","og_description":"Advertising Market Trend December 2024 with the Media Mix, Top Products, Advertisers and Industries for May 2024.","og_url":"https:\/\/werbekompass.ch\/en\/dezember-deutlich-hinter-vorjahr\/","og_site_name":"Werbekompass","article_published_time":"2025-01-29T07:13:17+00:00","article_modified_time":"2026-01-28T12:15:19+00:00","author":"Media Focus","twitter_card":"summary_large_image","twitter_misc":{"Written by":"Media Focus","Est. reading time":"4 minutes"},"schema":{"@context":"https:\/\/schema.org","@graph":[{"@type":"Article","@id":"https:\/\/werbekompass.ch\/en\/dezember-deutlich-hinter-vorjahr\/#article","isPartOf":{"@id":"https:\/\/werbekompass.ch\/en\/dezember-deutlich-hinter-vorjahr\/"},"author":{"name":"Media Focus","@id":"https:\/\/werbekompass.ch\/en\/#\/schema\/person\/6a9965f3fa4e754ab6d4e61a669060e0"},"headline":"December well below previous year","datePublished":"2025-01-29T07:13:17+00:00","dateModified":"2026-01-28T12:15:19+00:00","mainEntityOfPage":{"@id":"https:\/\/werbekompass.ch\/en\/dezember-deutlich-hinter-vorjahr\/"},"wordCount":276,"image":{"@id":"https:\/\/werbekompass.ch\/en\/dezember-deutlich-hinter-vorjahr\/#primaryimage"},"thumbnailUrl":"","articleSection":["Advertising market trend","Media Focus Publications"],"inLanguage":"en-US"},{"@type":"WebPage","@id":"https:\/\/werbekompass.ch\/en\/dezember-deutlich-hinter-vorjahr\/","url":"https:\/\/werbekompass.ch\/en\/dezember-deutlich-hinter-vorjahr\/","name":"December well below previous year - Werbekompass","isPartOf":{"@id":"https:\/\/werbekompass.ch\/en\/#website"},"primaryImageOfPage":{"@id":"https:\/\/werbekompass.ch\/en\/dezember-deutlich-hinter-vorjahr\/#primaryimage"},"image":{"@id":"https:\/\/werbekompass.ch\/en\/dezember-deutlich-hinter-vorjahr\/#primaryimage"},"thumbnailUrl":"","datePublished":"2025-01-29T07:13:17+00:00","dateModified":"2026-01-28T12:15:19+00:00","author":{"@id":"https:\/\/werbekompass.ch\/en\/#\/schema\/person\/6a9965f3fa4e754ab6d4e61a669060e0"},"description":"Advertising Market Trend December 2024 with the Media Mix, Top Products, Advertisers and Industries for May 2024.","breadcrumb":{"@id":"https:\/\/werbekompass.ch\/en\/dezember-deutlich-hinter-vorjahr\/#breadcrumb"},"inLanguage":"en-US","potentialAction":[{"@type":"ReadAction","target":["https:\/\/werbekompass.ch\/en\/dezember-deutlich-hinter-vorjahr\/"]}]},{"@type":"ImageObject","inLanguage":"en-US","@id":"https:\/\/werbekompass.ch\/en\/dezember-deutlich-hinter-vorjahr\/#primaryimage","url":"","contentUrl":""},{"@type":"BreadcrumbList","@id":"https:\/\/werbekompass.ch\/en\/dezember-deutlich-hinter-vorjahr\/#breadcrumb","itemListElement":[{"@type":"ListItem","position":1,"name":"Home","item":"https:\/\/werbekompass.ch\/en\/"},{"@type":"ListItem","position":2,"name":"December well below previous year"}]},{"@type":"WebSite","@id":"https:\/\/werbekompass.ch\/en\/#website","url":"https:\/\/werbekompass.ch\/en\/","name":"Werbekompass","description":"Wichtige Begriffe aus der Werbung und Medien","potentialAction":[{"@type":"SearchAction","target":{"@type":"EntryPoint","urlTemplate":"https:\/\/werbekompass.ch\/en\/?s={search_term_string}"},"query-input":{"@type":"PropertyValueSpecification","valueRequired":true,"valueName":"search_term_string"}}],"inLanguage":"en-US"},{"@type":"Person","@id":"https:\/\/werbekompass.ch\/en\/#\/schema\/person\/6a9965f3fa4e754ab6d4e61a669060e0","name":"Media Focus","image":{"@type":"ImageObject","inLanguage":"en-US","@id":"https:\/\/werbekompass.ch\/en\/#\/schema\/person\/image\/","url":"https:\/\/secure.gravatar.com\/avatar\/8ec154e3c74cc275b9bfed07fce8c8e2225c5b9cd512d65b3b727263274ae22e?s=96&d=mm&r=g","contentUrl":"https:\/\/secure.gravatar.com\/avatar\/8ec154e3c74cc275b9bfed07fce8c8e2225c5b9cd512d65b3b727263274ae22e?s=96&d=mm&r=g","caption":"Media Focus"},"url":"https:\/\/werbekompass.ch\/en\/author\/media-focus\/"}]}},"_links":{"self":[{"href":"https:\/\/werbekompass.ch\/en\/wp-json\/wp\/v2\/posts\/192284","targetHints":{"allow":["GET"]}}],"collection":[{"href":"https:\/\/werbekompass.ch\/en\/wp-json\/wp\/v2\/posts"}],"about":[{"href":"https:\/\/werbekompass.ch\/en\/wp-json\/wp\/v2\/types\/post"}],"author":[{"embeddable":true,"href":"https:\/\/werbekompass.ch\/en\/wp-json\/wp\/v2\/users\/12"}],"replies":[{"embeddable":true,"href":"https:\/\/werbekompass.ch\/en\/wp-json\/wp\/v2\/comments?post=192284"}],"version-history":[{"count":5,"href":"https:\/\/werbekompass.ch\/en\/wp-json\/wp\/v2\/posts\/192284\/revisions"}],"predecessor-version":[{"id":192520,"href":"https:\/\/werbekompass.ch\/en\/wp-json\/wp\/v2\/posts\/192284\/revisions\/192520"}],"wp:featuredmedia":[{"embeddable":true,"href":"https:\/\/werbekompass.ch\/en\/wp-json\/"}],"wp:attachment":[{"href":"https:\/\/werbekompass.ch\/en\/wp-json\/wp\/v2\/media?parent=192284"}],"wp:term":[{"taxonomy":"category","embeddable":true,"href":"https:\/\/werbekompass.ch\/en\/wp-json\/wp\/v2\/categories?post=192284"},{"taxonomy":"post_tag","embeddable":true,"href":"https:\/\/werbekompass.ch\/en\/wp-json\/wp\/v2\/tags?post=192284"}],"curies":[{"name":"wp","href":"https:\/\/api.w.org\/{rel}","templated":true}]}}