{"id":194502,"date":"2025-09-24T09:23:14","date_gmt":"2025-09-24T09:23:14","guid":{"rendered":"https:\/\/werbekompass.ch\/?p=194502"},"modified":"2025-09-24T09:39:39","modified_gmt":"2025-09-24T09:39:39","slug":"levolution-positive-se-poursuit","status":"publish","type":"post","link":"https:\/\/werbekompass.ch\/fr\/levolution-positive-se-poursuit\/","title":{"rendered":"L\u2019\u00e9volution positive se poursuit"},"content":{"rendered":"\n<div style=\"height:17px\" aria-hidden=\"true\" class=\"wp-block-spacer\"><\/div>\n\n\n\n<div class=\"wp-block-media-text alignfull has-media-on-the-right is-stacked-on-mobile wbk-media-text-partner-promotion-block has-white-color has-text-color has-background has-link-color wp-elements-929a0e914761d4c767338ac8a7b67357\" style=\"background-color:#3e3e3e;grid-template-columns:auto 34%\"><div class=\"wp-block-media-text__content\">\n<h1 class=\"wp-block-heading has-white-color has-text-color has-link-color has-x-large-font-size wp-elements-9daad071f958645ee499bc12f72a1eb3\">Tendance du march\u00e9 publicitaire&nbsp;<\/h1>\n\n\n\n<p class=\"has-turquoise-color has-text-color has-link-color has-large-font-size wp-elements-9e57e6e35a694511bc6af33dd3a5d6e3\">Ao\u00fbt 2025<\/p>\n<\/div><figure class=\"wp-block-media-text__media\"><img loading=\"lazy\" decoding=\"async\" width=\"1024\" height=\"576\" src=\"https:\/\/werbekompass.ch\/wp-content\/uploads\/2025\/02\/Titelbild-Pfeil-neu-1024x576.png\" alt=\"\" class=\"wp-image-192968 size-full\" srcset=\"https:\/\/werbekompass.ch\/wp-content\/uploads\/2025\/02\/Titelbild-Pfeil-neu-1024x576.png 1024w, https:\/\/werbekompass.ch\/wp-content\/uploads\/2025\/02\/Titelbild-Pfeil-neu-300x169.png 300w, https:\/\/werbekompass.ch\/wp-content\/uploads\/2025\/02\/Titelbild-Pfeil-neu-768x432.png 768w, https:\/\/werbekompass.ch\/wp-content\/uploads\/2025\/02\/Titelbild-Pfeil-neu-1536x864.png 1536w, https:\/\/werbekompass.ch\/wp-content\/uploads\/2025\/02\/Titelbild-Pfeil-neu-2048x1152.png 2048w\" sizes=\"auto, (max-width: 1024px) 100vw, 1024px\" \/><\/figure><\/div>\n\n\n\n<p>En ao\u00fbt, le march\u00e9 publicitaire \u00abclassique\u00bb s\u2019est l\u00e9g\u00e8rement stabilis\u00e9: avec une pression publicitaire brute de <strong>258.4&nbsp;millions de CHF<\/strong>, il progresse de <strong>2.1%<\/strong> par rapport au m\u00eame mois de l\u2019ann\u00e9e pr\u00e9c\u00e9dente et peut ainsi renouer avec l\u2019\u00e9volution positive de juillet.<\/p>\n\n\n\n<p>Le march\u00e9 publicitaire classique atteint ainsi <strong>2\u2019369.4&nbsp;millions de francs bruts<\/strong> en cumul annuel (YTD), soit un <strong>recul de 2.3%<\/strong> par rapport \u00e0 2024.<\/p>\n\n\n\n<p>Pour le mois d\u2019ao\u00fbt, la situation est contrast\u00e9e selon les m\u00e9dias. Alors que la <strong>publicit\u00e9<\/strong> <strong>Out-of-Home <\/strong>(+7.9%) et la <strong>publicit\u00e9 au cin\u00e9ma (+4.5%) <\/strong>continuent d\u2019augmenter, la <strong>t\u00e9l\u00e9vision<\/strong> surprend \u00e9galement avec une hausse de <strong>+6.5%<\/strong>. \u00c0 l\u2019inverse, les secteurs <strong>M\u00e9dias imprim\u00e9s (-3.6%)<\/strong> et <strong>Radio (-16.1%)<\/strong> enregistrent des baisses.<\/p>\n\n\n\n<p>En ao\u00fbt 2025, la pression publicitaire num\u00e9rique s\u2019\u00e9l\u00e8ve \u00e0 <strong>172.2&nbsp;millions de CHF<\/strong>, soit une baisse de <strong>6.0%<\/strong> par rapport au m\u00eame mois de l\u2019ann\u00e9e pr\u00e9c\u00e9dente. En cumul annuel (YTD), la pression publicitaire num\u00e9rique brute atteint <strong>1\u2019038.9&nbsp;millions de CHF<\/strong>, ce qui repr\u00e9sente une <strong>baisse de 28.3%<\/strong>. Au niveau des canaux, <strong>Search<\/strong> augmente nettement sa part de march\u00e9 par rapport au mois pr\u00e9c\u00e9dent <strong>(+66.3%<\/strong>), mais affiche une baisse par rapport \u00e0 l\u2019ann\u00e9e pr\u00e9c\u00e9dente <strong>(-9.2%).<\/strong> <strong>Display <\/strong>augmente de <strong>4.3%<\/strong> pour atteindre une part de 23.4%. <strong>YouTube<\/strong>, en revanche, affiche une \u00e9volution n\u00e9gative avec &#8211;<strong>5.1%<\/strong> et atteint une part de 10.3% dans le mix de m\u00e9dias num\u00e9riques.<\/p>\n\n\n\n<p>Pour une meilleure comparabilit\u00e9 avec l\u2019ann\u00e9e pr\u00e9c\u00e9dente, le march\u00e9 publicitaire classique et les canaux num\u00e9riques (Search, YouTube, Display) sont pr\u00e9sent\u00e9s s\u00e9par\u00e9ment. Les fluctuations de la saisie en ligne peuvent \u00eatre accentu\u00e9es par des influences externes, notamment des mises \u00e0 jour techniques de la part de grandes plateformes telles que Google ou YouTube. Cela concerne en particulier le domaine Search, qui subit r\u00e9guli\u00e8rement des changements susceptibles de nuire \u00e0 la comparabilit\u00e9 de la pression publicitaire brute avec l\u2019ann\u00e9e pr\u00e9c\u00e9dente.<\/p>\n\n\n\n<div style=\"height:17px\" aria-hidden=\"true\" class=\"wp-block-spacer\"><\/div>\n\n\n\n<hr class=\"wp-block-separator has-alpha-channel-opacity is-style-dots\" style=\"margin-top:0;margin-bottom:0\"\/>\n\n\n\n<h3 class=\"wp-block-heading\" style=\"font-size:25px\"><strong>Pression publicitaire sur le march\u00e9 global<\/strong><\/h3>\n\n\n\n<p>\u00c9volution de la pression publicitaire au mois d&rsquo;ao\u00fbt&nbsp;2025 en millions de francs bruts.<\/p>\n\n\n\n<figure class=\"wp-block-image size-full is-resized\"><img loading=\"lazy\" decoding=\"async\" width=\"2560\" height=\"1460\" src=\"https:\/\/werbekompass.ch\/wp-content\/uploads\/2025\/09\/FR-Werbemarkt-Trend-August-Gesamtmarkt-Grafik--scaled.png\" alt=\"\" class=\"wp-image-194546\" style=\"width:1085px;height:auto\" srcset=\"https:\/\/werbekompass.ch\/wp-content\/uploads\/2025\/09\/FR-Werbemarkt-Trend-August-Gesamtmarkt-Grafik--scaled.png 2560w, https:\/\/werbekompass.ch\/wp-content\/uploads\/2025\/09\/FR-Werbemarkt-Trend-August-Gesamtmarkt-Grafik--300x171.png 300w, https:\/\/werbekompass.ch\/wp-content\/uploads\/2025\/09\/FR-Werbemarkt-Trend-August-Gesamtmarkt-Grafik--1024x584.png 1024w, https:\/\/werbekompass.ch\/wp-content\/uploads\/2025\/09\/FR-Werbemarkt-Trend-August-Gesamtmarkt-Grafik--768x438.png 768w, https:\/\/werbekompass.ch\/wp-content\/uploads\/2025\/09\/FR-Werbemarkt-Trend-August-Gesamtmarkt-Grafik--1536x876.png 1536w, https:\/\/werbekompass.ch\/wp-content\/uploads\/2025\/09\/FR-Werbemarkt-Trend-August-Gesamtmarkt-Grafik--2048x1168.png 2048w\" sizes=\"auto, (max-width: 2560px) 100vw, 2560px\" \/><\/figure>\n\n\n\n<figure class=\"wp-block-image size-full is-resized\"><img loading=\"lazy\" decoding=\"async\" width=\"2560\" height=\"1460\" src=\"https:\/\/werbekompass.ch\/wp-content\/uploads\/2025\/09\/FR-Werbemarkt-Trend-August-Gesamtmarkt-Tabelle-scaled.png\" alt=\"\" class=\"wp-image-194549\" style=\"width:1085px;height:auto\" srcset=\"https:\/\/werbekompass.ch\/wp-content\/uploads\/2025\/09\/FR-Werbemarkt-Trend-August-Gesamtmarkt-Tabelle-scaled.png 2560w, https:\/\/werbekompass.ch\/wp-content\/uploads\/2025\/09\/FR-Werbemarkt-Trend-August-Gesamtmarkt-Tabelle-300x171.png 300w, https:\/\/werbekompass.ch\/wp-content\/uploads\/2025\/09\/FR-Werbemarkt-Trend-August-Gesamtmarkt-Tabelle-1024x584.png 1024w, https:\/\/werbekompass.ch\/wp-content\/uploads\/2025\/09\/FR-Werbemarkt-Trend-August-Gesamtmarkt-Tabelle-768x438.png 768w, https:\/\/werbekompass.ch\/wp-content\/uploads\/2025\/09\/FR-Werbemarkt-Trend-August-Gesamtmarkt-Tabelle-1536x876.png 1536w, https:\/\/werbekompass.ch\/wp-content\/uploads\/2025\/09\/FR-Werbemarkt-Trend-August-Gesamtmarkt-Tabelle-2048x1168.png 2048w\" sizes=\"auto, (max-width: 2560px) 100vw, 2560px\" \/><\/figure>\n\n\n\n<h3 class=\"wp-block-heading\" style=\"font-size:18px\"><strong>Le commerce de d\u00e9tail domine en ao\u00fbt<\/strong><\/h3>\n\n\n\n<p>En ao\u00fbt, seulement 10 des 21&nbsp;secteurs ont pu augmenter leur pression publicitaire par rapport \u00e0 l\u2019ann\u00e9e pr\u00e9c\u00e9dente. Le <strong>Commerce de d\u00e9tail<\/strong> reste incontestablement en t\u00eate \u00e0 tous les niveaux: 35.7&nbsp;millions de CHF en ao\u00fbt, soit une augmentation de 29.5%, et 279.8&nbsp;millions de CHF cumul\u00e9s YTD, soit \u00e9galement une hausse de 22.0% par rapport \u00e0 l\u2019ann\u00e9e pr\u00e9c\u00e9dente. Le <strong>secteur Agroalimentaire<\/strong> affiche une \u00e9volution nettement n\u00e9gative en ao\u00fbt (-9.4%), mais reste le deuxi\u00e8me secteur le plus important en&nbsp;2025 en termes de pression publicitaire brute. En outre, les secteurs <strong>V\u00e9hicules<\/strong> (+27.9%), <strong>Finances<\/strong> (+20.8%), <strong>Transports publics<\/strong> (+15.7%) et <strong>Loisirs, gastronomie et tourisme<\/strong> (+12.9%) font \u00e9galement partie des gagnants du mois d\u2019ao\u00fbt.<\/p>\n\n\n\n<h3 class=\"wp-block-heading\" style=\"font-size:18px\"><strong><strong>Baisse des secteurs Produits tabagiques, Initiative et M\u00e9dias<\/strong><\/strong><\/h3>\n\n\n\n<p>En ao\u00fbt, 11&nbsp;secteurs affichent des tendances \u00e0 la baisse ou stagnent au niveau de l\u2019ann\u00e9e pr\u00e9c\u00e9dente. C\u2019est le cas par exemple du secteur <strong>Pharmacie et sant\u00e9<\/strong> (0.0%), qui avait enregistr\u00e9 un net recul de -35.5% le mois pr\u00e9c\u00e9dent. Les principaux perdants sont les secteurs <strong>Produits tabagiques<\/strong> (-31.2%) et <strong>Initiatives et campagnes<\/strong> (-30.3%). Les secteurs <strong>M\u00e9dias<\/strong> (-23.4%), <strong>\u00c9nergie<\/strong> (-16.6%) et <strong>Besoins personnels<\/strong> (-10.6%) sont \u00e9galement sous pression. Bien que le <strong>secteur Services <\/strong>affiche un recul de -1.6%, il se situe toujours au-dessus du niveau de l\u2019ann\u00e9e pr\u00e9c\u00e9dente dans la comparaison annuelle cumul\u00e9e.<\/p>\n\n\n\n<h3 class=\"wp-block-heading\" style=\"font-size:20px\"><br><strong>Classement sectoriel<\/strong><\/h3>\n\n\n\n<p>Classement sectoriel d&rsquo;ao\u00fbt.<\/p>\n\n\n\n<figure class=\"wp-block-image size-full is-resized\"><img loading=\"lazy\" decoding=\"async\" width=\"2560\" height=\"1460\" src=\"https:\/\/werbekompass.ch\/wp-content\/uploads\/2025\/09\/FR-Werbemarkt-Trend-August-Branchenranking-klassisch-scaled.png\" alt=\"\" class=\"wp-image-194552\" style=\"width:1084px;height:auto\" srcset=\"https:\/\/werbekompass.ch\/wp-content\/uploads\/2025\/09\/FR-Werbemarkt-Trend-August-Branchenranking-klassisch-scaled.png 2560w, https:\/\/werbekompass.ch\/wp-content\/uploads\/2025\/09\/FR-Werbemarkt-Trend-August-Branchenranking-klassisch-300x171.png 300w, https:\/\/werbekompass.ch\/wp-content\/uploads\/2025\/09\/FR-Werbemarkt-Trend-August-Branchenranking-klassisch-1024x584.png 1024w, https:\/\/werbekompass.ch\/wp-content\/uploads\/2025\/09\/FR-Werbemarkt-Trend-August-Branchenranking-klassisch-768x438.png 768w, https:\/\/werbekompass.ch\/wp-content\/uploads\/2025\/09\/FR-Werbemarkt-Trend-August-Branchenranking-klassisch-1536x876.png 1536w, https:\/\/werbekompass.ch\/wp-content\/uploads\/2025\/09\/FR-Werbemarkt-Trend-August-Branchenranking-klassisch-2048x1168.png 2048w\" sizes=\"auto, (max-width: 2560px) 100vw, 2560px\" \/><\/figure>\n\n\n\n<h3 class=\"wp-block-heading\" style=\"font-size:20px\"><strong>Les meilleurs annonceurs et produits<\/strong><\/h3>\n\n\n\n<p>Les meilleurs annonceurs et les produits et services les plus promus (hors promotion d\u2019assortiment et d\u2019image et hors cat\u00e9gories) en ao\u00fbt.<\/p>\n\n\n\n<figure class=\"wp-block-image size-full\"><img loading=\"lazy\" decoding=\"async\" width=\"2560\" height=\"1014\" src=\"https:\/\/werbekompass.ch\/wp-content\/uploads\/2025\/09\/FR-Werbemarkt-Trend-August-Top-Advertiser-Produkte-scaled.png\" alt=\"\" class=\"wp-image-194555\" srcset=\"https:\/\/werbekompass.ch\/wp-content\/uploads\/2025\/09\/FR-Werbemarkt-Trend-August-Top-Advertiser-Produkte-scaled.png 2560w, https:\/\/werbekompass.ch\/wp-content\/uploads\/2025\/09\/FR-Werbemarkt-Trend-August-Top-Advertiser-Produkte-300x119.png 300w, https:\/\/werbekompass.ch\/wp-content\/uploads\/2025\/09\/FR-Werbemarkt-Trend-August-Top-Advertiser-Produkte-1024x405.png 1024w, https:\/\/werbekompass.ch\/wp-content\/uploads\/2025\/09\/FR-Werbemarkt-Trend-August-Top-Advertiser-Produkte-768x304.png 768w, https:\/\/werbekompass.ch\/wp-content\/uploads\/2025\/09\/FR-Werbemarkt-Trend-August-Top-Advertiser-Produkte-1536x608.png 1536w, https:\/\/werbekompass.ch\/wp-content\/uploads\/2025\/09\/FR-Werbemarkt-Trend-August-Top-Advertiser-Produkte-2048x811.png 2048w\" sizes=\"auto, (max-width: 2560px) 100vw, 2560px\" \/><\/figure>\n\n\n\n<h3 class=\"wp-block-heading\" style=\"font-size:20px\"><strong>Mix de m\u00e9dias<\/strong><\/h3>\n\n\n\n<p>Mix de m\u00e9dias pour le mois d&rsquo;ao\u00fbt.<\/p>\n\n\n\n<figure class=\"wp-block-image size-full is-resized\"><img loading=\"lazy\" decoding=\"async\" width=\"2560\" height=\"1460\" src=\"https:\/\/werbekompass.ch\/wp-content\/uploads\/2025\/09\/FR-Werbemarkt-Trend-August-Media-Mix-klassisch-scaled.png\" alt=\"\" class=\"wp-image-194558\" style=\"width:1084px;height:auto\" srcset=\"https:\/\/werbekompass.ch\/wp-content\/uploads\/2025\/09\/FR-Werbemarkt-Trend-August-Media-Mix-klassisch-scaled.png 2560w, https:\/\/werbekompass.ch\/wp-content\/uploads\/2025\/09\/FR-Werbemarkt-Trend-August-Media-Mix-klassisch-300x171.png 300w, https:\/\/werbekompass.ch\/wp-content\/uploads\/2025\/09\/FR-Werbemarkt-Trend-August-Media-Mix-klassisch-1024x584.png 1024w, https:\/\/werbekompass.ch\/wp-content\/uploads\/2025\/09\/FR-Werbemarkt-Trend-August-Media-Mix-klassisch-768x438.png 768w, https:\/\/werbekompass.ch\/wp-content\/uploads\/2025\/09\/FR-Werbemarkt-Trend-August-Media-Mix-klassisch-1536x876.png 1536w, https:\/\/werbekompass.ch\/wp-content\/uploads\/2025\/09\/FR-Werbemarkt-Trend-August-Media-Mix-klassisch-2048x1168.png 2048w\" sizes=\"auto, (max-width: 2560px) 100vw, 2560px\" \/><\/figure>\n\n\n\n<hr class=\"wp-block-separator has-alpha-channel-opacity is-style-default\"\/>\n\n\n\n<div style=\"height:37px\" aria-hidden=\"true\" class=\"wp-block-spacer\"><\/div>\n\n\n\n<h3 class=\"wp-block-heading\" style=\"font-size:25px\"><strong>Pression publicitaire sur le march\u00e9 num\u00e9rique<\/strong><\/h3>\n\n\n\n<p>\u00c9volution de la pression publicitaire au mois d&rsquo;ao\u00fbt 2025 en millions de francs bruts.<\/p>\n\n\n\n<figure class=\"wp-block-image size-full is-resized\"><img loading=\"lazy\" decoding=\"async\" width=\"2560\" height=\"1460\" src=\"https:\/\/werbekompass.ch\/wp-content\/uploads\/2025\/09\/FR-Werbemarkt-Trend-August-Gesamtmarkt-Grafik-digital-scaled.png\" alt=\"\" class=\"wp-image-194561\" style=\"width:1083px;height:auto\" srcset=\"https:\/\/werbekompass.ch\/wp-content\/uploads\/2025\/09\/FR-Werbemarkt-Trend-August-Gesamtmarkt-Grafik-digital-scaled.png 2560w, https:\/\/werbekompass.ch\/wp-content\/uploads\/2025\/09\/FR-Werbemarkt-Trend-August-Gesamtmarkt-Grafik-digital-300x171.png 300w, https:\/\/werbekompass.ch\/wp-content\/uploads\/2025\/09\/FR-Werbemarkt-Trend-August-Gesamtmarkt-Grafik-digital-1024x584.png 1024w, https:\/\/werbekompass.ch\/wp-content\/uploads\/2025\/09\/FR-Werbemarkt-Trend-August-Gesamtmarkt-Grafik-digital-768x438.png 768w, https:\/\/werbekompass.ch\/wp-content\/uploads\/2025\/09\/FR-Werbemarkt-Trend-August-Gesamtmarkt-Grafik-digital-1536x876.png 1536w, https:\/\/werbekompass.ch\/wp-content\/uploads\/2025\/09\/FR-Werbemarkt-Trend-August-Gesamtmarkt-Grafik-digital-2048x1168.png 2048w\" sizes=\"auto, (max-width: 2560px) 100vw, 2560px\" \/><\/figure>\n\n\n\n<figure class=\"wp-block-image size-full is-resized\"><img loading=\"lazy\" decoding=\"async\" width=\"2560\" height=\"1460\" src=\"https:\/\/werbekompass.ch\/wp-content\/uploads\/2025\/09\/FR-Werbemarkt-Trend-August-Gesamtmarkt-Tabelle-digital-scaled.png\" alt=\"\" class=\"wp-image-194564\" style=\"width:1083px;height:auto\" srcset=\"https:\/\/werbekompass.ch\/wp-content\/uploads\/2025\/09\/FR-Werbemarkt-Trend-August-Gesamtmarkt-Tabelle-digital-scaled.png 2560w, https:\/\/werbekompass.ch\/wp-content\/uploads\/2025\/09\/FR-Werbemarkt-Trend-August-Gesamtmarkt-Tabelle-digital-300x171.png 300w, https:\/\/werbekompass.ch\/wp-content\/uploads\/2025\/09\/FR-Werbemarkt-Trend-August-Gesamtmarkt-Tabelle-digital-1024x584.png 1024w, https:\/\/werbekompass.ch\/wp-content\/uploads\/2025\/09\/FR-Werbemarkt-Trend-August-Gesamtmarkt-Tabelle-digital-768x438.png 768w, https:\/\/werbekompass.ch\/wp-content\/uploads\/2025\/09\/FR-Werbemarkt-Trend-August-Gesamtmarkt-Tabelle-digital-1536x876.png 1536w, https:\/\/werbekompass.ch\/wp-content\/uploads\/2025\/09\/FR-Werbemarkt-Trend-August-Gesamtmarkt-Tabelle-digital-2048x1168.png 2048w\" sizes=\"auto, (max-width: 2560px) 100vw, 2560px\" \/><\/figure>\n\n\n\n<p>Pour une meilleure comparabilit\u00e9 avec l\u2019ann\u00e9e pr\u00e9c\u00e9dente, le march\u00e9 publicitaire classique et les canaux num\u00e9riques (Search, YouTube, Display) sont pr\u00e9sent\u00e9s s\u00e9par\u00e9ment. Les fluctuations de la saisie en ligne peuvent \u00eatre accentu\u00e9es par des influences externes, notamment des mises \u00e0 jour techniques de la part de grandes plateformes telles que Google ou YouTube. Cela concerne en particulier le domaine Search, qui subit r\u00e9guli\u00e8rement des changements susceptibles de nuire \u00e0 la comparabilit\u00e9 de la pression publicitaire brute avec l\u2019ann\u00e9e pr\u00e9c\u00e9dente.<\/p>\n\n\n\n<h3 class=\"wp-block-heading\" style=\"font-size:18px\"><strong><strong><br>Classement sectoriel YTD: comparaison entre les canaux classiques et les canaux num\u00e9riques<\/strong><\/strong><\/h3>\n\n\n\n<p>Sur les deux march\u00e9s, les secteurs <strong>Commerce de d\u00e9tail<\/strong> et <strong>Finances<\/strong> figurent toujours dans le top&nbsp;3 du classement. Sur le march\u00e9 num\u00e9rique, le secteur <strong>Loisirs, gastronomie et tourisme<\/strong> arrive en t\u00eate avec une part de march\u00e9 de 19.4%. Sur le march\u00e9 \u00abclassique\u00bb, le podium est compl\u00e9t\u00e9 par le secteur <strong>Agroalimentaire<\/strong>, qui arrive apr\u00e8s le <strong>Commerce de d\u00e9tail<\/strong>, comme nous l\u2019avons d\u00e9j\u00e0 mentionn\u00e9, et avant les <strong>Finances<\/strong>.&nbsp;<\/p>\n\n\n\n<p>Pour les deux secteurs, <strong>Boissons<\/strong>, <strong>mode<\/strong><strong> et sport<\/strong>, ainsi que <strong>Cosm\u00e9tiques et soins corporels<\/strong> et <strong>Pharmacie et sant\u00e9<\/strong> se situent dans la moyenne du tableau.<\/p>\n\n\n\n<p>Sur le march\u00e9 num\u00e9rique, le secteur <strong>Nettoyage<\/strong> (+0.2%) est la lanterne rouge. Les <strong>Produits tabagiques<\/strong> occupent l\u2019avant-derni\u00e8re place (1.0%) malgr\u00e9 une \u00e9norme croissance au mois d\u2019ao\u00fbt. Sur le march\u00e9 \u00abclassique\u00bb, le <strong>Nettoyage<\/strong> se situe dans le tiers inf\u00e9rieur et le trio <strong>M\u00e9dias<\/strong> (-23.4%), <strong>\u00c9nergie<\/strong> (-16.6%) et <strong>Produits tabagiques<\/strong> (-31.2%) ferment la marche.<\/p>\n\n\n\n<div style=\"height:37px\" aria-hidden=\"true\" class=\"wp-block-spacer\"><\/div>\n\n\n\n<h3 class=\"wp-block-heading\" style=\"font-size:20px\"><strong>Classement sectoriel<\/strong><\/h3>\n\n\n\n<p>Classement sectoriel d&rsquo;ao\u00f9t.<\/p>\n\n\n\n<figure class=\"wp-block-image size-full is-resized\"><img loading=\"lazy\" decoding=\"async\" width=\"2560\" height=\"1460\" src=\"https:\/\/werbekompass.ch\/wp-content\/uploads\/2025\/09\/FR-Werbemarkt-Trend-August-Branchenranking-SoA-digital-scaled.png\" alt=\"\" class=\"wp-image-194567\" style=\"width:1085px;height:auto\" srcset=\"https:\/\/werbekompass.ch\/wp-content\/uploads\/2025\/09\/FR-Werbemarkt-Trend-August-Branchenranking-SoA-digital-scaled.png 2560w, https:\/\/werbekompass.ch\/wp-content\/uploads\/2025\/09\/FR-Werbemarkt-Trend-August-Branchenranking-SoA-digital-300x171.png 300w, https:\/\/werbekompass.ch\/wp-content\/uploads\/2025\/09\/FR-Werbemarkt-Trend-August-Branchenranking-SoA-digital-1024x584.png 1024w, https:\/\/werbekompass.ch\/wp-content\/uploads\/2025\/09\/FR-Werbemarkt-Trend-August-Branchenranking-SoA-digital-768x438.png 768w, https:\/\/werbekompass.ch\/wp-content\/uploads\/2025\/09\/FR-Werbemarkt-Trend-August-Branchenranking-SoA-digital-1536x876.png 1536w, https:\/\/werbekompass.ch\/wp-content\/uploads\/2025\/09\/FR-Werbemarkt-Trend-August-Branchenranking-SoA-digital-2048x1168.png 2048w\" sizes=\"auto, (max-width: 2560px) 100vw, 2560px\" \/><\/figure>\n\n\n\n<div style=\"height:37px\" aria-hidden=\"true\" class=\"wp-block-spacer\"><\/div>\n\n\n\n<h3 class=\"wp-block-heading\" style=\"font-size:20px\"><strong>Les meilleurs produits num\u00e9riques<\/strong><\/h3>\n\n\n\n<p>Les produits et services les plus promus (hors promotion d\u2019assortiment et d\u2019image et hors cat\u00e9gories) en ao\u00fbt.<\/p>\n\n\n\n<figure class=\"wp-block-image size-full is-resized\"><img loading=\"lazy\" decoding=\"async\" width=\"2560\" height=\"950\" src=\"https:\/\/werbekompass.ch\/wp-content\/uploads\/2025\/09\/FR-Werbemarkt-Trend-August-Top-Produkte-scaled.png\" alt=\"\" class=\"wp-image-194570\" style=\"width:1082px;height:auto\" srcset=\"https:\/\/werbekompass.ch\/wp-content\/uploads\/2025\/09\/FR-Werbemarkt-Trend-August-Top-Produkte-scaled.png 2560w, https:\/\/werbekompass.ch\/wp-content\/uploads\/2025\/09\/FR-Werbemarkt-Trend-August-Top-Produkte-300x111.png 300w, https:\/\/werbekompass.ch\/wp-content\/uploads\/2025\/09\/FR-Werbemarkt-Trend-August-Top-Produkte-1024x380.png 1024w, https:\/\/werbekompass.ch\/wp-content\/uploads\/2025\/09\/FR-Werbemarkt-Trend-August-Top-Produkte-768x285.png 768w, https:\/\/werbekompass.ch\/wp-content\/uploads\/2025\/09\/FR-Werbemarkt-Trend-August-Top-Produkte-1536x570.png 1536w, https:\/\/werbekompass.ch\/wp-content\/uploads\/2025\/09\/FR-Werbemarkt-Trend-August-Top-Produkte-2048x760.png 2048w\" sizes=\"auto, (max-width: 2560px) 100vw, 2560px\" \/><\/figure>\n\n\n\n<p>Dans le domaine <strong>Display<\/strong>, <strong>PET-Recycling Schweiz<\/strong> occupe la premi\u00e8re place en ao\u00fbt, tandis que <strong>booking.com<\/strong> est le leader incontest\u00e9 en <strong>Search<\/strong> depuis le d\u00e9but de l\u2019ann\u00e9e et que la p\u00e2te \u00e0 tartiner <strong>Nutella<\/strong> occupe la premi\u00e8re place sur <strong>YouTube<\/strong>.<\/p>\n\n\n\n<p>Alors que <strong>Suisse Tourisme<\/strong> occupait encore la premi\u00e8re place sur <strong>YouTube<\/strong> le mois pr\u00e9c\u00e9dent, la marque se retrouve d\u00e9sormais tout en bas du tableau pour <strong>Display<\/strong>. <strong>Pepsi Zero<\/strong> a c\u00e9d\u00e9 la deuxi\u00e8me place sur <strong>YouTube<\/strong> \u00e0 <strong>ZYN Sachets de nicotine sans tabac<\/strong> (encore huiti\u00e8me en juillet) et occupe d\u00e9sormais la troisi\u00e8me place. <strong>Kaex basic<\/strong>, en revanche, a connu une nette am\u00e9lioration dans le classement <strong>Display<\/strong>, passant de la huiti\u00e8me \u00e0 la deuxi\u00e8me place.<\/p>\n\n\n\n<p>En ao\u00fbt, aucun produit ni service n\u2019est parvenu \u00e0 se maintenir dans le top&nbsp;10 sur plusieurs canaux.<\/p>\n\n\n\n<div style=\"height:37px\" aria-hidden=\"true\" class=\"wp-block-spacer\"><\/div>\n\n\n\n<h3 class=\"wp-block-heading\" style=\"font-size:20px\"><strong>Mix de m\u00e9dias<\/strong><\/h3>\n\n\n\n<p>Mix de m\u00e9dias pour le mois d&rsquo;ao\u00fbt.<\/p>\n\n\n\n<figure class=\"wp-block-image size-full\"><img loading=\"lazy\" decoding=\"async\" width=\"2560\" height=\"1460\" src=\"https:\/\/werbekompass.ch\/wp-content\/uploads\/2025\/09\/FR-Werbemarkt-Trend-August-Media-Mix-digital-scaled.png\" alt=\"\" class=\"wp-image-194573\" srcset=\"https:\/\/werbekompass.ch\/wp-content\/uploads\/2025\/09\/FR-Werbemarkt-Trend-August-Media-Mix-digital-scaled.png 2560w, https:\/\/werbekompass.ch\/wp-content\/uploads\/2025\/09\/FR-Werbemarkt-Trend-August-Media-Mix-digital-300x171.png 300w, https:\/\/werbekompass.ch\/wp-content\/uploads\/2025\/09\/FR-Werbemarkt-Trend-August-Media-Mix-digital-1024x584.png 1024w, https:\/\/werbekompass.ch\/wp-content\/uploads\/2025\/09\/FR-Werbemarkt-Trend-August-Media-Mix-digital-768x438.png 768w, https:\/\/werbekompass.ch\/wp-content\/uploads\/2025\/09\/FR-Werbemarkt-Trend-August-Media-Mix-digital-1536x876.png 1536w, https:\/\/werbekompass.ch\/wp-content\/uploads\/2025\/09\/FR-Werbemarkt-Trend-August-Media-Mix-digital-2048x1168.png 2048w\" sizes=\"auto, (max-width: 2560px) 100vw, 2560px\" \/><\/figure>\n\n\n\n<p><\/p>\n\n\n\n<p>Contact: mediafocus@mediafocus.ch, Tel.: +41 43 322 27 50<\/p>\n\n\n\n<div class=\"wp-block-buttons is-layout-flex wp-block-buttons-is-layout-flex\">\n<div class=\"wp-block-button\"><a class=\"wp-block-button__link wp-element-button\" href=\"https:\/\/mediafocus.ch\/fr\/publications\/resume-annuel-2024\/\" target=\"_blank\" rel=\"noreferrer noopener\">R\u00e9sum\u00e9 annuel 2024<\/a><\/div>\n<\/div>\n\n\n\n<div class=\"wp-block-buttons is-layout-flex wp-block-buttons-is-layout-flex\">\n<div class=\"wp-block-button\"><a class=\"wp-block-button__link wp-element-button\" href=\"https:\/\/mediafocus.ch\/fr\/publication\/legere-reprise-pour-le-debut-des-vacances\/\" target=\"_blank\" rel=\"noreferrer noopener\">Tendance du march\u00e9 publicitaire&nbsp;juillet 2025<\/a><\/div>\n<\/div>\n\n\n\n<p><\/p>\n","protected":false},"excerpt":{"rendered":"<p>Tendance du march\u00e9 publicitaire&nbsp; Ao\u00fbt 2025 En ao\u00fbt, le march\u00e9 publicitaire \u00abclassique\u00bb s\u2019est l\u00e9g\u00e8rement stabilis\u00e9: avec une pression publicitaire brute de 258.4&nbsp;millions de CHF, il progresse de 2.1% par rapport au m\u00eame mois de l\u2019ann\u00e9e pr\u00e9c\u00e9dente et peut ainsi renouer avec l\u2019\u00e9volution positive de juillet. Le march\u00e9 publicitaire classique atteint ainsi 2\u2019369.4&nbsp;millions de francs bruts [&hellip;]<\/p>\n","protected":false},"author":12,"featured_media":192960,"comment_status":"closed","ping_status":"closed","sticky":false,"template":"","format":"standard","meta":{"_acf_changed":false,"footnotes":""},"categories":[100,187,215],"tags":[],"class_list":["post-194502","post","type-post","status-publish","format-standard","has-post-thumbnail","hentry","category-publications-fr","category-tendance-du-marche-publicitaire","category-werbemarkttrend-fr"],"acf":[],"yoast_head":"<!-- This site is optimized with the Yoast SEO plugin v27.0 - https:\/\/yoast.com\/product\/yoast-seo-wordpress\/ -->\n<title>L\u2019\u00e9volution positive se poursuit - Werbekompass<\/title>\n<meta name=\"description\" content=\"Media Focus pr\u00e9sente la tendance du march\u00e9 publicitaire pour ao\u00fbt 2025 : principaux secteurs, annonceurs, produits et mix m\u00e9dia.\" \/>\n<meta name=\"robots\" content=\"index, follow, max-snippet:-1, max-image-preview:large, max-video-preview:-1\" \/>\n<link rel=\"canonical\" href=\"https:\/\/werbekompass.ch\/fr\/levolution-positive-se-poursuit\/\" \/>\n<meta property=\"og:locale\" content=\"fr_FR\" \/>\n<meta property=\"og:type\" content=\"article\" \/>\n<meta property=\"og:title\" content=\"L\u2019\u00e9volution positive se poursuit - Werbekompass\" \/>\n<meta property=\"og:description\" content=\"Media Focus pr\u00e9sente la tendance du march\u00e9 publicitaire pour ao\u00fbt 2025 : principaux secteurs, annonceurs, produits et mix m\u00e9dia.\" \/>\n<meta property=\"og:url\" content=\"https:\/\/werbekompass.ch\/fr\/levolution-positive-se-poursuit\/\" \/>\n<meta property=\"og:site_name\" content=\"Werbekompass\" \/>\n<meta property=\"article:published_time\" content=\"2025-09-24T09:23:14+00:00\" \/>\n<meta property=\"article:modified_time\" content=\"2025-09-24T09:39:39+00:00\" \/>\n<meta property=\"og:image\" content=\"https:\/\/werbekompass.ch\/wp-content\/uploads\/2025\/02\/Titelbild-gerader-Pfeil-1024x576.png\" \/>\n\t<meta property=\"og:image:width\" content=\"1024\" \/>\n\t<meta property=\"og:image:height\" content=\"576\" \/>\n\t<meta property=\"og:image:type\" content=\"image\/png\" \/>\n<meta name=\"author\" content=\"Media Focus\" \/>\n<meta name=\"twitter:card\" content=\"summary_large_image\" \/>\n<meta name=\"twitter:label1\" content=\"\u00c9crit par\" \/>\n\t<meta name=\"twitter:data1\" content=\"Media Focus\" \/>\n\t<meta name=\"twitter:label2\" content=\"Dur\u00e9e de lecture estim\u00e9e\" \/>\n\t<meta name=\"twitter:data2\" content=\"9 minutes\" \/>\n<script type=\"application\/ld+json\" class=\"yoast-schema-graph\">{\"@context\":\"https:\/\/schema.org\",\"@graph\":[{\"@type\":\"Article\",\"@id\":\"https:\/\/werbekompass.ch\/fr\/levolution-positive-se-poursuit\/#article\",\"isPartOf\":{\"@id\":\"https:\/\/werbekompass.ch\/fr\/levolution-positive-se-poursuit\/\"},\"author\":{\"name\":\"Media Focus\",\"@id\":\"https:\/\/werbekompass.ch\/fr\/#\/schema\/person\/6a9965f3fa4e754ab6d4e61a669060e0\"},\"headline\":\"L\u2019\u00e9volution positive se poursuit\",\"datePublished\":\"2025-09-24T09:23:14+00:00\",\"dateModified\":\"2025-09-24T09:39:39+00:00\",\"mainEntityOfPage\":{\"@id\":\"https:\/\/werbekompass.ch\/fr\/levolution-positive-se-poursuit\/\"},\"wordCount\":1154,\"image\":{\"@id\":\"https:\/\/werbekompass.ch\/fr\/levolution-positive-se-poursuit\/#primaryimage\"},\"thumbnailUrl\":\"https:\/\/werbekompass.ch\/wp-content\/uploads\/2025\/02\/Titelbild-gerader-Pfeil.png\",\"articleSection\":[\"Media Focus Publications\",\"Tendance du march\u00e9 publicitaire\",\"Werbemarkt Trend\"],\"inLanguage\":\"fr-FR\"},{\"@type\":\"WebPage\",\"@id\":\"https:\/\/werbekompass.ch\/fr\/levolution-positive-se-poursuit\/\",\"url\":\"https:\/\/werbekompass.ch\/fr\/levolution-positive-se-poursuit\/\",\"name\":\"L\u2019\u00e9volution positive se poursuit - Werbekompass\",\"isPartOf\":{\"@id\":\"https:\/\/werbekompass.ch\/fr\/#website\"},\"primaryImageOfPage\":{\"@id\":\"https:\/\/werbekompass.ch\/fr\/levolution-positive-se-poursuit\/#primaryimage\"},\"image\":{\"@id\":\"https:\/\/werbekompass.ch\/fr\/levolution-positive-se-poursuit\/#primaryimage\"},\"thumbnailUrl\":\"https:\/\/werbekompass.ch\/wp-content\/uploads\/2025\/02\/Titelbild-gerader-Pfeil.png\",\"datePublished\":\"2025-09-24T09:23:14+00:00\",\"dateModified\":\"2025-09-24T09:39:39+00:00\",\"author\":{\"@id\":\"https:\/\/werbekompass.ch\/fr\/#\/schema\/person\/6a9965f3fa4e754ab6d4e61a669060e0\"},\"description\":\"Media Focus pr\u00e9sente la tendance du march\u00e9 publicitaire pour ao\u00fbt 2025 : principaux secteurs, annonceurs, produits et mix m\u00e9dia.\",\"breadcrumb\":{\"@id\":\"https:\/\/werbekompass.ch\/fr\/levolution-positive-se-poursuit\/#breadcrumb\"},\"inLanguage\":\"fr-FR\",\"potentialAction\":[{\"@type\":\"ReadAction\",\"target\":[\"https:\/\/werbekompass.ch\/fr\/levolution-positive-se-poursuit\/\"]}]},{\"@type\":\"ImageObject\",\"inLanguage\":\"fr-FR\",\"@id\":\"https:\/\/werbekompass.ch\/fr\/levolution-positive-se-poursuit\/#primaryimage\",\"url\":\"https:\/\/werbekompass.ch\/wp-content\/uploads\/2025\/02\/Titelbild-gerader-Pfeil.png\",\"contentUrl\":\"https:\/\/werbekompass.ch\/wp-content\/uploads\/2025\/02\/Titelbild-gerader-Pfeil.png\",\"width\":4000,\"height\":2250},{\"@type\":\"BreadcrumbList\",\"@id\":\"https:\/\/werbekompass.ch\/fr\/levolution-positive-se-poursuit\/#breadcrumb\",\"itemListElement\":[{\"@type\":\"ListItem\",\"position\":1,\"name\":\"Home\",\"item\":\"https:\/\/werbekompass.ch\/fr\/\"},{\"@type\":\"ListItem\",\"position\":2,\"name\":\"L\u2019\u00e9volution positive se poursuit\"}]},{\"@type\":\"WebSite\",\"@id\":\"https:\/\/werbekompass.ch\/fr\/#website\",\"url\":\"https:\/\/werbekompass.ch\/fr\/\",\"name\":\"Werbekompass\",\"description\":\"Der Wegweiser f\u00fcr den Schweizer Werbemarkt\",\"potentialAction\":[{\"@type\":\"SearchAction\",\"target\":{\"@type\":\"EntryPoint\",\"urlTemplate\":\"https:\/\/werbekompass.ch\/fr\/?s={search_term_string}\"},\"query-input\":{\"@type\":\"PropertyValueSpecification\",\"valueRequired\":true,\"valueName\":\"search_term_string\"}}],\"inLanguage\":\"fr-FR\"},{\"@type\":\"Person\",\"@id\":\"https:\/\/werbekompass.ch\/fr\/#\/schema\/person\/6a9965f3fa4e754ab6d4e61a669060e0\",\"name\":\"Media Focus\",\"image\":{\"@type\":\"ImageObject\",\"inLanguage\":\"fr-FR\",\"@id\":\"https:\/\/werbekompass.ch\/fr\/#\/schema\/person\/image\/\",\"url\":\"https:\/\/secure.gravatar.com\/avatar\/8ec154e3c74cc275b9bfed07fce8c8e2225c5b9cd512d65b3b727263274ae22e?s=96&d=mm&r=g\",\"contentUrl\":\"https:\/\/secure.gravatar.com\/avatar\/8ec154e3c74cc275b9bfed07fce8c8e2225c5b9cd512d65b3b727263274ae22e?s=96&d=mm&r=g\",\"caption\":\"Media Focus\"},\"url\":\"https:\/\/werbekompass.ch\/fr\/author\/media-focus\/\"}]}<\/script>\n<!-- \/ Yoast SEO plugin. -->","yoast_head_json":{"title":"L\u2019\u00e9volution positive se poursuit - Werbekompass","description":"Media Focus pr\u00e9sente la tendance du march\u00e9 publicitaire pour ao\u00fbt 2025 : principaux secteurs, annonceurs, produits et mix m\u00e9dia.","robots":{"index":"index","follow":"follow","max-snippet":"max-snippet:-1","max-image-preview":"max-image-preview:large","max-video-preview":"max-video-preview:-1"},"canonical":"https:\/\/werbekompass.ch\/fr\/levolution-positive-se-poursuit\/","og_locale":"fr_FR","og_type":"article","og_title":"L\u2019\u00e9volution positive se poursuit - Werbekompass","og_description":"Media Focus pr\u00e9sente la tendance du march\u00e9 publicitaire pour ao\u00fbt 2025 : principaux secteurs, annonceurs, produits et mix m\u00e9dia.","og_url":"https:\/\/werbekompass.ch\/fr\/levolution-positive-se-poursuit\/","og_site_name":"Werbekompass","article_published_time":"2025-09-24T09:23:14+00:00","article_modified_time":"2025-09-24T09:39:39+00:00","og_image":[{"width":1024,"height":576,"url":"https:\/\/werbekompass.ch\/wp-content\/uploads\/2025\/02\/Titelbild-gerader-Pfeil-1024x576.png","type":"image\/png"}],"author":"Media Focus","twitter_card":"summary_large_image","twitter_misc":{"\u00c9crit par":"Media Focus","Dur\u00e9e de lecture estim\u00e9e":"9 minutes"},"schema":{"@context":"https:\/\/schema.org","@graph":[{"@type":"Article","@id":"https:\/\/werbekompass.ch\/fr\/levolution-positive-se-poursuit\/#article","isPartOf":{"@id":"https:\/\/werbekompass.ch\/fr\/levolution-positive-se-poursuit\/"},"author":{"name":"Media Focus","@id":"https:\/\/werbekompass.ch\/fr\/#\/schema\/person\/6a9965f3fa4e754ab6d4e61a669060e0"},"headline":"L\u2019\u00e9volution positive se poursuit","datePublished":"2025-09-24T09:23:14+00:00","dateModified":"2025-09-24T09:39:39+00:00","mainEntityOfPage":{"@id":"https:\/\/werbekompass.ch\/fr\/levolution-positive-se-poursuit\/"},"wordCount":1154,"image":{"@id":"https:\/\/werbekompass.ch\/fr\/levolution-positive-se-poursuit\/#primaryimage"},"thumbnailUrl":"https:\/\/werbekompass.ch\/wp-content\/uploads\/2025\/02\/Titelbild-gerader-Pfeil.png","articleSection":["Media Focus Publications","Tendance du march\u00e9 publicitaire","Werbemarkt Trend"],"inLanguage":"fr-FR"},{"@type":"WebPage","@id":"https:\/\/werbekompass.ch\/fr\/levolution-positive-se-poursuit\/","url":"https:\/\/werbekompass.ch\/fr\/levolution-positive-se-poursuit\/","name":"L\u2019\u00e9volution positive se poursuit - Werbekompass","isPartOf":{"@id":"https:\/\/werbekompass.ch\/fr\/#website"},"primaryImageOfPage":{"@id":"https:\/\/werbekompass.ch\/fr\/levolution-positive-se-poursuit\/#primaryimage"},"image":{"@id":"https:\/\/werbekompass.ch\/fr\/levolution-positive-se-poursuit\/#primaryimage"},"thumbnailUrl":"https:\/\/werbekompass.ch\/wp-content\/uploads\/2025\/02\/Titelbild-gerader-Pfeil.png","datePublished":"2025-09-24T09:23:14+00:00","dateModified":"2025-09-24T09:39:39+00:00","author":{"@id":"https:\/\/werbekompass.ch\/fr\/#\/schema\/person\/6a9965f3fa4e754ab6d4e61a669060e0"},"description":"Media Focus pr\u00e9sente la tendance du march\u00e9 publicitaire pour ao\u00fbt 2025 : principaux secteurs, annonceurs, produits et mix m\u00e9dia.","breadcrumb":{"@id":"https:\/\/werbekompass.ch\/fr\/levolution-positive-se-poursuit\/#breadcrumb"},"inLanguage":"fr-FR","potentialAction":[{"@type":"ReadAction","target":["https:\/\/werbekompass.ch\/fr\/levolution-positive-se-poursuit\/"]}]},{"@type":"ImageObject","inLanguage":"fr-FR","@id":"https:\/\/werbekompass.ch\/fr\/levolution-positive-se-poursuit\/#primaryimage","url":"https:\/\/werbekompass.ch\/wp-content\/uploads\/2025\/02\/Titelbild-gerader-Pfeil.png","contentUrl":"https:\/\/werbekompass.ch\/wp-content\/uploads\/2025\/02\/Titelbild-gerader-Pfeil.png","width":4000,"height":2250},{"@type":"BreadcrumbList","@id":"https:\/\/werbekompass.ch\/fr\/levolution-positive-se-poursuit\/#breadcrumb","itemListElement":[{"@type":"ListItem","position":1,"name":"Home","item":"https:\/\/werbekompass.ch\/fr\/"},{"@type":"ListItem","position":2,"name":"L\u2019\u00e9volution positive se poursuit"}]},{"@type":"WebSite","@id":"https:\/\/werbekompass.ch\/fr\/#website","url":"https:\/\/werbekompass.ch\/fr\/","name":"Werbekompass","description":"Der Wegweiser f\u00fcr den Schweizer Werbemarkt","potentialAction":[{"@type":"SearchAction","target":{"@type":"EntryPoint","urlTemplate":"https:\/\/werbekompass.ch\/fr\/?s={search_term_string}"},"query-input":{"@type":"PropertyValueSpecification","valueRequired":true,"valueName":"search_term_string"}}],"inLanguage":"fr-FR"},{"@type":"Person","@id":"https:\/\/werbekompass.ch\/fr\/#\/schema\/person\/6a9965f3fa4e754ab6d4e61a669060e0","name":"Media Focus","image":{"@type":"ImageObject","inLanguage":"fr-FR","@id":"https:\/\/werbekompass.ch\/fr\/#\/schema\/person\/image\/","url":"https:\/\/secure.gravatar.com\/avatar\/8ec154e3c74cc275b9bfed07fce8c8e2225c5b9cd512d65b3b727263274ae22e?s=96&d=mm&r=g","contentUrl":"https:\/\/secure.gravatar.com\/avatar\/8ec154e3c74cc275b9bfed07fce8c8e2225c5b9cd512d65b3b727263274ae22e?s=96&d=mm&r=g","caption":"Media Focus"},"url":"https:\/\/werbekompass.ch\/fr\/author\/media-focus\/"}]}},"_links":{"self":[{"href":"https:\/\/werbekompass.ch\/fr\/wp-json\/wp\/v2\/posts\/194502","targetHints":{"allow":["GET"]}}],"collection":[{"href":"https:\/\/werbekompass.ch\/fr\/wp-json\/wp\/v2\/posts"}],"about":[{"href":"https:\/\/werbekompass.ch\/fr\/wp-json\/wp\/v2\/types\/post"}],"author":[{"embeddable":true,"href":"https:\/\/werbekompass.ch\/fr\/wp-json\/wp\/v2\/users\/12"}],"replies":[{"embeddable":true,"href":"https:\/\/werbekompass.ch\/fr\/wp-json\/wp\/v2\/comments?post=194502"}],"version-history":[{"count":6,"href":"https:\/\/werbekompass.ch\/fr\/wp-json\/wp\/v2\/posts\/194502\/revisions"}],"predecessor-version":[{"id":194580,"href":"https:\/\/werbekompass.ch\/fr\/wp-json\/wp\/v2\/posts\/194502\/revisions\/194580"}],"wp:featuredmedia":[{"embeddable":true,"href":"https:\/\/werbekompass.ch\/fr\/wp-json\/wp\/v2\/media\/192960"}],"wp:attachment":[{"href":"https:\/\/werbekompass.ch\/fr\/wp-json\/wp\/v2\/media?parent=194502"}],"wp:term":[{"taxonomy":"category","embeddable":true,"href":"https:\/\/werbekompass.ch\/fr\/wp-json\/wp\/v2\/categories?post=194502"},{"taxonomy":"post_tag","embeddable":true,"href":"https:\/\/werbekompass.ch\/fr\/wp-json\/wp\/v2\/tags?post=194502"}],"curies":[{"name":"wp","href":"https:\/\/api.w.org\/{rel}","templated":true}]}}