{"id":194784,"date":"2025-11-26T19:15:08","date_gmt":"2025-11-26T19:15:08","guid":{"rendered":"https:\/\/werbekompass.ch\/?p=194784"},"modified":"2025-11-28T13:40:02","modified_gmt":"2025-11-28T13:40:02","slug":"leger-recul-sur-le-marche-classique-le-numerique-reste-fort","status":"publish","type":"post","link":"https:\/\/werbekompass.ch\/fr\/leger-recul-sur-le-marche-classique-le-numerique-reste-fort\/","title":{"rendered":"L\u00e9ger recul sur le march\u00e9 classique \u2013 le num\u00e9rique reste fort"},"content":{"rendered":"\n<div style=\"height:17px\" aria-hidden=\"true\" class=\"wp-block-spacer\"><\/div>\n\n\n\n<div class=\"wp-block-media-text alignfull has-media-on-the-right is-stacked-on-mobile wbk-media-text-partner-promotion-block has-white-color has-text-color has-background has-link-color wp-elements-039ce93ac3b117208982a240bbb8beae\" style=\"background-color:#3e3e3e;grid-template-columns:auto 34%\"><div class=\"wp-block-media-text__content\">\n<h1 class=\"wp-block-heading has-white-color has-text-color has-link-color has-x-large-font-size wp-elements-9daad071f958645ee499bc12f72a1eb3\">Tendance du march\u00e9 publicitaire&nbsp;<\/h1>\n\n\n\n<p class=\"has-turquoise-color has-text-color has-link-color has-large-font-size wp-elements-8a8116d2530dd7e96a722569136ba6f7\">Octobre 2025<\/p>\n<\/div><figure class=\"wp-block-media-text__media\"><img loading=\"lazy\" decoding=\"async\" width=\"1024\" height=\"576\" src=\"https:\/\/werbekompass.ch\/wp-content\/uploads\/2025\/02\/Titelbild-Pfeil-neu-1024x576.png\" alt=\"\" class=\"wp-image-192968 size-full\" srcset=\"https:\/\/werbekompass.ch\/wp-content\/uploads\/2025\/02\/Titelbild-Pfeil-neu-1024x576.png 1024w, https:\/\/werbekompass.ch\/wp-content\/uploads\/2025\/02\/Titelbild-Pfeil-neu-300x169.png 300w, https:\/\/werbekompass.ch\/wp-content\/uploads\/2025\/02\/Titelbild-Pfeil-neu-768x432.png 768w, https:\/\/werbekompass.ch\/wp-content\/uploads\/2025\/02\/Titelbild-Pfeil-neu-1536x864.png 1536w, https:\/\/werbekompass.ch\/wp-content\/uploads\/2025\/02\/Titelbild-Pfeil-neu-2048x1152.png 2048w\" sizes=\"auto, (max-width: 1024px) 100vw, 1024px\" \/><\/figure><\/div>\n\n\n\n<p>Apr\u00e8s une nette baisse enregistr\u00e9e en septembre, le recul sur le march\u00e9 publicitaire classique s\u2019est l\u00e9g\u00e8rement att\u00e9nu\u00e9 en octobre. Avec une pression publicitaire brute de 404.6\u00a0millions de francs, le r\u00e9sultat est inf\u00e9rieur de 1.5% \u00e0 celui de l\u2019ann\u00e9e pr\u00e9c\u00e9dente. L\u2019\u00e9volution se stabilise par rapport au mois pr\u00e9c\u00e9dent, tout en restant n\u00e9gative.<\/p>\n\n\n\n<p>De janvier \u00e0 octobre, la pression publicitaire classique atteint <strong>3152.5\u00a0millions de francs<\/strong>, ce qui correspond \u00e0 une baisse de <strong>2.4%<\/strong> par rapport \u00e0 2024.<\/p>\n\n\n\n<p>Comme en septembre, la radio reste la seule cat\u00e9gorie de m\u00e9dias \u00e0 afficher une croissance par rapport \u00e0 l\u2019ann\u00e9e pr\u00e9c\u00e9dente. La t\u00e9l\u00e9vision se situe en octobre 2025 l\u00e9g\u00e8rement en dessous du niveau de 2024 (-0.3%). En revanche, la presse, l\u2019out-of-home et le cin\u00e9ma restent en partie nettement en retrait par rapport \u00e0 l\u2019ann\u00e9e pr\u00e9c\u00e9dente.<\/p>\n\n\n\n<p>Sur l\u2019ensemble de l\u2019ann\u00e9e, le tableau est toutefois diff\u00e9rent : malgr\u00e9 un automne solide, la radio enregistre la plus forte baisse (-8.1%), suivie par la presse (-4.8%) et la t\u00e9l\u00e9vision (-3.2%). Seuls l\u2019out-of-home et le cin\u00e9ma sont en hausse (+2.8% et +5.4% respectivement).<\/p>\n\n\n\n<p>Alors que certains secteurs ont nettement gagn\u00e9 en dynamisme en octobre, la majorit\u00e9 reste en retrait par rapport au m\u00eame mois de l\u2019ann\u00e9e pr\u00e9c\u00e9dente. Avec <strong>45.7\u00a0millions de francs<\/strong>, le secteur <strong>Produits alimentaires<\/strong> arrive en t\u00eate du classement mensuel devant les secteurs <strong>Commerce de d\u00e9tail<\/strong> (44.1\u00a0millions de francs) et <strong>Finances<\/strong> (43.4\u00a0millions de francs). Ces trois secteurs repr\u00e9sentent \u00e0 nouveau le plus gros volume publicitaire, m\u00eame si deux d\u2019entre eux ont connu un recul en octobre.<\/p>\n\n\n\n<p>Comme les mois pr\u00e9c\u00e9dents, les secteurs <strong>M\u00e9dias<\/strong> (4.9\u00a0millions de francs), <strong>\u00c9nergie<\/strong> (2.9\u00a0millions de francs) et <strong>Produits tabagiques<\/strong> (1.3\u00a0million de francs) se situent en bas du classement. Malgr\u00e9 une forte augmentation en pourcentage (+155.7%), le secteur <strong>Produits tabagiques<\/strong> reste, en valeur absolue, le secteur le plus faible en mati\u00e8re de publicit\u00e9.<\/p>\n\n\n\n<p>En octobre, la pression publicitaire num\u00e9rique* reste nettement sup\u00e9rieure \u00e0 celle de l\u2019ann\u00e9e pr\u00e9c\u00e9dente et atteint 288.2\u00a0millions de francs, ce qui correspond \u00e0 une forte hausse de 33.7%. Depuis le d\u00e9but de l\u2019ann\u00e9e, le march\u00e9 digital s\u2019\u00e9tablit \u00e0 1\u2019568.9 mio CHF, soit 12.1% de moins que l\u2019an dernier.<\/p>\n\n\n\n<p>*Pour une meilleure comparabilit\u00e9 avec l\u2019ann\u00e9e pr\u00e9c\u00e9dente, le march\u00e9 publicitaire classique et les canaux num\u00e9riques (Search, YouTube, Display) sont pr\u00e9sent\u00e9s s\u00e9par\u00e9ment. Les fluctuations de la saisie en ligne peuvent \u00eatre accentu\u00e9es par des influences externes, notamment des mises \u00e0 jour techniques de la part de grandes plateformes telles que Google ou YouTube. Cela concerne en particulier le domaine Search, qui subit r\u00e9guli\u00e8rement des changements susceptibles de nuire \u00e0 la comparabilit\u00e9 de la pression publicitaire brute avec l\u2019ann\u00e9e pr\u00e9c\u00e9dente.<\/p>\n\n\n\n<div style=\"height:17px\" aria-hidden=\"true\" class=\"wp-block-spacer\"><\/div>\n\n\n\n<hr class=\"wp-block-separator has-alpha-channel-opacity is-style-dots\" style=\"margin-top:0;margin-bottom:0\"\/>\n\n\n\n<h3 class=\"wp-block-heading\" style=\"font-size:25px\"><strong>Pression publicitaire sur le march\u00e9 global<\/strong><\/h3>\n\n\n\n<p>\u00c9volution de la pression publicitaire au mois d&rsquo;octobre&nbsp;2025 en millions de francs bruts.<\/p>\n\n\n\n<figure class=\"wp-block-image size-full is-resized\"><img loading=\"lazy\" decoding=\"async\" width=\"2560\" height=\"1460\" src=\"https:\/\/werbekompass.ch\/wp-content\/uploads\/2025\/11\/FR-Werbemarkt-Trend-Oktober-Gesamtmarkt-Grafik-klassisch-scaled.jpg\" alt=\"\" class=\"wp-image-194862\" style=\"width:1085px;height:auto\" srcset=\"https:\/\/werbekompass.ch\/wp-content\/uploads\/2025\/11\/FR-Werbemarkt-Trend-Oktober-Gesamtmarkt-Grafik-klassisch-scaled.jpg 2560w, https:\/\/werbekompass.ch\/wp-content\/uploads\/2025\/11\/FR-Werbemarkt-Trend-Oktober-Gesamtmarkt-Grafik-klassisch-300x171.jpg 300w, https:\/\/werbekompass.ch\/wp-content\/uploads\/2025\/11\/FR-Werbemarkt-Trend-Oktober-Gesamtmarkt-Grafik-klassisch-1024x584.jpg 1024w, https:\/\/werbekompass.ch\/wp-content\/uploads\/2025\/11\/FR-Werbemarkt-Trend-Oktober-Gesamtmarkt-Grafik-klassisch-768x438.jpg 768w, https:\/\/werbekompass.ch\/wp-content\/uploads\/2025\/11\/FR-Werbemarkt-Trend-Oktober-Gesamtmarkt-Grafik-klassisch-1536x876.jpg 1536w, https:\/\/werbekompass.ch\/wp-content\/uploads\/2025\/11\/FR-Werbemarkt-Trend-Oktober-Gesamtmarkt-Grafik-klassisch-2048x1168.jpg 2048w\" sizes=\"auto, (max-width: 2560px) 100vw, 2560px\" \/><\/figure>\n\n\n\n<figure class=\"wp-block-image size-full is-resized\"><img loading=\"lazy\" decoding=\"async\" width=\"2560\" height=\"1460\" src=\"https:\/\/werbekompass.ch\/wp-content\/uploads\/2025\/11\/FR-Werbemarkt-Trend-Oktober-Monatsentwicklung-klassisch-scaled.jpg\" alt=\"\" class=\"wp-image-194865\" style=\"width:1085px;height:auto\" srcset=\"https:\/\/werbekompass.ch\/wp-content\/uploads\/2025\/11\/FR-Werbemarkt-Trend-Oktober-Monatsentwicklung-klassisch-scaled.jpg 2560w, https:\/\/werbekompass.ch\/wp-content\/uploads\/2025\/11\/FR-Werbemarkt-Trend-Oktober-Monatsentwicklung-klassisch-300x171.jpg 300w, https:\/\/werbekompass.ch\/wp-content\/uploads\/2025\/11\/FR-Werbemarkt-Trend-Oktober-Monatsentwicklung-klassisch-1024x584.jpg 1024w, https:\/\/werbekompass.ch\/wp-content\/uploads\/2025\/11\/FR-Werbemarkt-Trend-Oktober-Monatsentwicklung-klassisch-768x438.jpg 768w, https:\/\/werbekompass.ch\/wp-content\/uploads\/2025\/11\/FR-Werbemarkt-Trend-Oktober-Monatsentwicklung-klassisch-1536x876.jpg 1536w, https:\/\/werbekompass.ch\/wp-content\/uploads\/2025\/11\/FR-Werbemarkt-Trend-Oktober-Monatsentwicklung-klassisch-2048x1168.jpg 2048w\" sizes=\"auto, (max-width: 2560px) 100vw, 2560px\" \/><\/figure>\n\n\n\n<h3 class=\"wp-block-heading\" style=\"font-size:18px\"><strong><strong><strong>7&nbsp;secteurs en croissance<\/strong><\/strong><\/strong><\/h3>\n\n\n\n<p>Parmi les grands gagnants du mois d\u2019octobre figurent plusieurs secteurs qui avaient d\u00e9j\u00e0 montr\u00e9 des signes de reprise \u00e0 la fin de l\u2019\u00e9t\u00e9. La hausse est particuli\u00e8rement marqu\u00e9e dans le secteur des services, qui progresse de 35.2 % en comparaison mensuelle et avait d\u00e9j\u00e0 enregistr\u00e9 une augmentation (+14.4%) en septembre. Les secteurs <strong>Construction, Industrie &amp; Am\u00e9nagement<\/strong> (+16.0%) ainsi que V\u00e9hicules (+39.8%) affichent \u00e9galement des augmentations significatives, compensant ainsi en partie les baisses observ\u00e9es les mois pr\u00e9c\u00e9dents.<\/p>\n\n\n\n<p>Le secteur <strong>Commerce de d\u00e9tail<\/strong> reste en forte croissance, comme pour l\u2019ensemble de l\u2019ann\u00e9e (octobre: +20.6%, cumul annuel: +21.0%). Les moteurs de cette \u00e9volution sont les g\u00e9ants du commerce de d\u00e9tail Coop et Migros. Rien qu\u2019en octobre, ils g\u00e9n\u00e8rent ensemble une pression publicitaire brute suppl\u00e9mentaire de 10\u00a0millions de francs dans la branche par rapport \u00e0 2024.<\/p>\n\n\n\n<p>En octobre, le secteur <strong>Produits tabagiques<\/strong> affiche de loin la plus forte croissance: Avec <strong>+155.7%<\/strong> en comparaison mensuelle, il r\u00e9alise la plus forte croissance relative de tous les secteurs. Les secteurs <strong>Besoins personnels<\/strong> (+3.8%) et <strong>Boissons<\/strong> enregistrent d\u2019autres augmentations mod\u00e9r\u00e9es en comparaison mensuelle (+0.7%).<\/p>\n\n\n\n<h3 class=\"wp-block-heading\" style=\"font-size:18px\"><strong><strong><strong><strong>Baisses significatives dans plusieurs grands secteurs<\/strong><\/strong><\/strong><\/strong><\/h3>\n\n\n\n<p>En revanche, 14\u00a0secteurs ont subi des baisses parfois importantes en octobre. Le secteur <strong>Cosm\u00e9tiques et soins corporels<\/strong> est particuli\u00e8rement touch\u00e9, avec une baisse de 25.2%. Avec L\u2019Or\u00e9al, Migros et Unilever, plusieurs annonceurs de renom ont nettement r\u00e9duit leurs investissements par rapport au mois d\u2019octobre 2024.<\/p>\n\n\n\n<p>Les secteurs<strong> Num\u00e9rique et m\u00e9nage<\/strong> (-20.2%), <strong>T\u00e9l\u00e9communications<\/strong> (-17.1%) et <strong>Finances <\/strong>(-11.1%) sont \u00e9galement en baisse par rapport au m\u00eame mois de l\u2019ann\u00e9e pr\u00e9c\u00e9dente. De m\u00eame, les secteurs <strong>Pharmacie et sant\u00e9<\/strong> (-10.4%), <strong>Mode et sport<\/strong> (-9.3%) ainsi que <strong>Produits alimentaires<\/strong> (-5.0%) affichent clairement des r\u00e9sultats n\u00e9gatifs.<\/p>\n\n\n\n<h3 class=\"wp-block-heading\" style=\"font-size:20px\"><br><strong>Classement sectoriel<\/strong><\/h3>\n\n\n\n<p>Classement sectoriel d&rsquo;octobre.<\/p>\n\n\n\n<figure class=\"wp-block-image size-full is-resized\"><img loading=\"lazy\" decoding=\"async\" width=\"2560\" height=\"1460\" src=\"https:\/\/werbekompass.ch\/wp-content\/uploads\/2025\/11\/FR-Werbemarkt-Trend-Oktober-Branchenranking-klassisch-scaled.jpg\" alt=\"\" class=\"wp-image-194868\" style=\"width:1084px;height:auto\" srcset=\"https:\/\/werbekompass.ch\/wp-content\/uploads\/2025\/11\/FR-Werbemarkt-Trend-Oktober-Branchenranking-klassisch-scaled.jpg 2560w, https:\/\/werbekompass.ch\/wp-content\/uploads\/2025\/11\/FR-Werbemarkt-Trend-Oktober-Branchenranking-klassisch-300x171.jpg 300w, https:\/\/werbekompass.ch\/wp-content\/uploads\/2025\/11\/FR-Werbemarkt-Trend-Oktober-Branchenranking-klassisch-1024x584.jpg 1024w, https:\/\/werbekompass.ch\/wp-content\/uploads\/2025\/11\/FR-Werbemarkt-Trend-Oktober-Branchenranking-klassisch-768x438.jpg 768w, https:\/\/werbekompass.ch\/wp-content\/uploads\/2025\/11\/FR-Werbemarkt-Trend-Oktober-Branchenranking-klassisch-1536x876.jpg 1536w, https:\/\/werbekompass.ch\/wp-content\/uploads\/2025\/11\/FR-Werbemarkt-Trend-Oktober-Branchenranking-klassisch-2048x1168.jpg 2048w\" sizes=\"auto, (max-width: 2560px) 100vw, 2560px\" \/><\/figure>\n\n\n\n<h3 class=\"wp-block-heading\" style=\"font-size:20px\"><strong>Les meilleurs annonceurs et produits<\/strong><\/h3>\n\n\n\n<p>Les meilleurs annonceurs et les produits et services les plus promus (hors promotion d\u2019assortiment et d\u2019image et hors cat\u00e9gories) en octobre.<\/p>\n\n\n\n<figure class=\"wp-block-image size-full\"><img loading=\"lazy\" decoding=\"async\" width=\"2560\" height=\"999\" src=\"https:\/\/werbekompass.ch\/wp-content\/uploads\/2025\/10\/FR-Werbemarkt-Trend-September-Top-Produkte-Advertiser-scaled.jpg\" alt=\"\" class=\"wp-image-194658\" srcset=\"https:\/\/werbekompass.ch\/wp-content\/uploads\/2025\/10\/FR-Werbemarkt-Trend-September-Top-Produkte-Advertiser-scaled.jpg 2560w, https:\/\/werbekompass.ch\/wp-content\/uploads\/2025\/10\/FR-Werbemarkt-Trend-September-Top-Produkte-Advertiser-300x117.jpg 300w, https:\/\/werbekompass.ch\/wp-content\/uploads\/2025\/10\/FR-Werbemarkt-Trend-September-Top-Produkte-Advertiser-1024x400.jpg 1024w, https:\/\/werbekompass.ch\/wp-content\/uploads\/2025\/10\/FR-Werbemarkt-Trend-September-Top-Produkte-Advertiser-768x300.jpg 768w, https:\/\/werbekompass.ch\/wp-content\/uploads\/2025\/10\/FR-Werbemarkt-Trend-September-Top-Produkte-Advertiser-1536x600.jpg 1536w, https:\/\/werbekompass.ch\/wp-content\/uploads\/2025\/10\/FR-Werbemarkt-Trend-September-Top-Produkte-Advertiser-2048x799.jpg 2048w\" sizes=\"auto, (max-width: 2560px) 100vw, 2560px\" \/><\/figure>\n\n\n\n<h3 class=\"wp-block-heading\" style=\"font-size:20px\"><strong>Mix de m\u00e9dias<\/strong><\/h3>\n\n\n\n<p>Mix de m\u00e9dias pour le mois d&rsquo;octobre.<\/p>\n\n\n\n<figure class=\"wp-block-image size-full is-resized\"><img loading=\"lazy\" decoding=\"async\" width=\"2560\" height=\"1460\" src=\"https:\/\/werbekompass.ch\/wp-content\/uploads\/2025\/11\/FR-Werbemarkt-Trend-Oktober-Media-Mix-klassisch-scaled.jpg\" alt=\"\" class=\"wp-image-194871\" style=\"width:1084px;height:auto\" srcset=\"https:\/\/werbekompass.ch\/wp-content\/uploads\/2025\/11\/FR-Werbemarkt-Trend-Oktober-Media-Mix-klassisch-scaled.jpg 2560w, https:\/\/werbekompass.ch\/wp-content\/uploads\/2025\/11\/FR-Werbemarkt-Trend-Oktober-Media-Mix-klassisch-300x171.jpg 300w, https:\/\/werbekompass.ch\/wp-content\/uploads\/2025\/11\/FR-Werbemarkt-Trend-Oktober-Media-Mix-klassisch-1024x584.jpg 1024w, https:\/\/werbekompass.ch\/wp-content\/uploads\/2025\/11\/FR-Werbemarkt-Trend-Oktober-Media-Mix-klassisch-768x438.jpg 768w, https:\/\/werbekompass.ch\/wp-content\/uploads\/2025\/11\/FR-Werbemarkt-Trend-Oktober-Media-Mix-klassisch-1536x876.jpg 1536w, https:\/\/werbekompass.ch\/wp-content\/uploads\/2025\/11\/FR-Werbemarkt-Trend-Oktober-Media-Mix-klassisch-2048x1168.jpg 2048w\" sizes=\"auto, (max-width: 2560px) 100vw, 2560px\" \/><\/figure>\n\n\n\n<hr class=\"wp-block-separator has-alpha-channel-opacity is-style-default\"\/>\n\n\n\n<div style=\"height:37px\" aria-hidden=\"true\" class=\"wp-block-spacer\"><\/div>\n\n\n\n<h3 class=\"wp-block-heading\" style=\"font-size:25px\"><strong>Pression publicitaire sur le march\u00e9 num\u00e9rique<\/strong><\/h3>\n\n\n\n<p>\u00c9volution de la pression publicitaire au mois d&rsquo;octobre 2025 en millions de francs bruts.<\/p>\n\n\n\n<figure class=\"wp-block-image size-full is-resized\"><img loading=\"lazy\" decoding=\"async\" width=\"2560\" height=\"1460\" src=\"https:\/\/werbekompass.ch\/wp-content\/uploads\/2025\/11\/gesamtmarkt_digital_fr-scaled.jpg\" alt=\"\" class=\"wp-image-194896\" style=\"width:1083px;height:auto\" srcset=\"https:\/\/werbekompass.ch\/wp-content\/uploads\/2025\/11\/gesamtmarkt_digital_fr-scaled.jpg 2560w, https:\/\/werbekompass.ch\/wp-content\/uploads\/2025\/11\/gesamtmarkt_digital_fr-300x171.jpg 300w, https:\/\/werbekompass.ch\/wp-content\/uploads\/2025\/11\/gesamtmarkt_digital_fr-1024x584.jpg 1024w, https:\/\/werbekompass.ch\/wp-content\/uploads\/2025\/11\/gesamtmarkt_digital_fr-768x438.jpg 768w, https:\/\/werbekompass.ch\/wp-content\/uploads\/2025\/11\/gesamtmarkt_digital_fr-1536x876.jpg 1536w, https:\/\/werbekompass.ch\/wp-content\/uploads\/2025\/11\/gesamtmarkt_digital_fr-2048x1168.jpg 2048w\" sizes=\"auto, (max-width: 2560px) 100vw, 2560px\" \/><\/figure>\n\n\n\n<figure class=\"wp-block-image size-full is-resized\"><img loading=\"lazy\" decoding=\"async\" width=\"2560\" height=\"1460\" src=\"https:\/\/werbekompass.ch\/wp-content\/uploads\/2025\/11\/FR-Werbemarkt-Trend-Oktober-Monatsentwicklung-digital-scaled.jpg\" alt=\"\" class=\"wp-image-194877\" style=\"width:1083px;height:auto\" srcset=\"https:\/\/werbekompass.ch\/wp-content\/uploads\/2025\/11\/FR-Werbemarkt-Trend-Oktober-Monatsentwicklung-digital-scaled.jpg 2560w, https:\/\/werbekompass.ch\/wp-content\/uploads\/2025\/11\/FR-Werbemarkt-Trend-Oktober-Monatsentwicklung-digital-300x171.jpg 300w, https:\/\/werbekompass.ch\/wp-content\/uploads\/2025\/11\/FR-Werbemarkt-Trend-Oktober-Monatsentwicklung-digital-1024x584.jpg 1024w, https:\/\/werbekompass.ch\/wp-content\/uploads\/2025\/11\/FR-Werbemarkt-Trend-Oktober-Monatsentwicklung-digital-768x438.jpg 768w, https:\/\/werbekompass.ch\/wp-content\/uploads\/2025\/11\/FR-Werbemarkt-Trend-Oktober-Monatsentwicklung-digital-1536x876.jpg 1536w, https:\/\/werbekompass.ch\/wp-content\/uploads\/2025\/11\/FR-Werbemarkt-Trend-Oktober-Monatsentwicklung-digital-2048x1168.jpg 2048w\" sizes=\"auto, (max-width: 2560px) 100vw, 2560px\" \/><\/figure>\n\n\n\n<p>*Pour une meilleure comparabilit\u00e9 avec l\u2019ann\u00e9e pr\u00e9c\u00e9dente, le march\u00e9 publicitaire classique et les canaux num\u00e9riques (Search, YouTube, Display) sont pr\u00e9sent\u00e9s s\u00e9par\u00e9ment. Les fluctuations de la saisie en ligne peuvent \u00eatre accentu\u00e9es par des influences externes, notamment des mises \u00e0 jour techniques de la part de grandes plateformes telles que Google ou YouTube. Cela concerne en particulier le domaine Search, qui subit r\u00e9guli\u00e8rement des changements susceptibles de nuire \u00e0 la comparabilit\u00e9 de la pression publicitaire brute avec l\u2019ann\u00e9e pr\u00e9c\u00e9dente.<\/p>\n\n\n\n<h3 class=\"wp-block-heading\" style=\"font-size:18px\"><strong><strong><br>Classement sectoriel YTD: comparaison entre les canaux classiques et les canaux num\u00e9riques<\/strong><\/strong><\/h3>\n\n\n\n<p>Au cours de l\u2019ann\u00e9e 2025, on constate des diff\u00e9rences significatives entre le march\u00e9 publicitaire classique et le march\u00e9 publicitaire num\u00e9rique dans l\u2019\u00e9volution du secteur. Sur ces deux march\u00e9s, les secteurs\u00a0<strong>Commerce de d\u00e9tail<\/strong>\u00a0et\u00a0<strong>Finances<\/strong>\u00a0continuent de faire partie des trois plus forts en termes de publicit\u00e9. Sur le march\u00e9 classique, le secteur\u00a0<strong>Produits alimentaires<\/strong>\u00a0compl\u00e8te le podium, tandis que le secteur num\u00e9rique\u00a0<strong>Loisirs, gastronomie et tourisme<\/strong>\u00a0est en t\u00eate avec une part de\u00a0<strong>19.2%<\/strong>.<\/p>\n\n\n\n<p>Le secteur V\u00e9hicules parvient \u00e0 se maintenir dans le tiers sup\u00e9rieur sur les deux march\u00e9s. Dans les deux domaines, les secteurs <strong>Pharmacie et sant\u00e9<\/strong>, <strong>Cosm\u00e9tiques et soins corporels<\/strong>, <strong>Mode et sport<\/strong>, <strong>Boissons<\/strong> ainsi que <strong>Num\u00e9rique et m\u00e9nages<\/strong> sont \u00e9galement repr\u00e9sent\u00e9s de mani\u00e8re stable dans la moyenne.<\/p>\n\n\n\n<p>En bas de tableau, aucun changement n\u2019est \u00e0 constater par rapport aux mois pr\u00e9c\u00e9dents:<br>sur le march\u00e9 classique, les secteurs <strong>M\u00e9dias<\/strong>, <strong>\u00c9nergie<\/strong> et <strong>Produits tabagiques<\/strong> sont la lanterne rouge. Sur le march\u00e9 num\u00e9rique, les secteurs <strong>\u00c9nergie<\/strong>, <strong>Produits tabagiques<\/strong> et <strong>Nettoyage<\/strong> occupent les derni\u00e8res places et confirment ainsi la tendance observ\u00e9e les mois pr\u00e9c\u00e9dents.<\/p>\n\n\n\n<div style=\"height:37px\" aria-hidden=\"true\" class=\"wp-block-spacer\"><\/div>\n\n\n\n<h3 class=\"wp-block-heading\" style=\"font-size:20px\"><strong>Classement sectoriel<\/strong><\/h3>\n\n\n\n<p>Classement sectoriel d&rsquo;octobre.<\/p>\n\n\n\n<figure class=\"wp-block-image size-full is-resized\"><img loading=\"lazy\" decoding=\"async\" width=\"2560\" height=\"1460\" src=\"https:\/\/werbekompass.ch\/wp-content\/uploads\/2025\/11\/FR-Werbemarkt-Trend-Oktober-Branchenranking-SoA-scaled.jpg\" alt=\"\" class=\"wp-image-194880\" style=\"width:1085px;height:auto\" srcset=\"https:\/\/werbekompass.ch\/wp-content\/uploads\/2025\/11\/FR-Werbemarkt-Trend-Oktober-Branchenranking-SoA-scaled.jpg 2560w, https:\/\/werbekompass.ch\/wp-content\/uploads\/2025\/11\/FR-Werbemarkt-Trend-Oktober-Branchenranking-SoA-300x171.jpg 300w, https:\/\/werbekompass.ch\/wp-content\/uploads\/2025\/11\/FR-Werbemarkt-Trend-Oktober-Branchenranking-SoA-1024x584.jpg 1024w, https:\/\/werbekompass.ch\/wp-content\/uploads\/2025\/11\/FR-Werbemarkt-Trend-Oktober-Branchenranking-SoA-768x438.jpg 768w, https:\/\/werbekompass.ch\/wp-content\/uploads\/2025\/11\/FR-Werbemarkt-Trend-Oktober-Branchenranking-SoA-1536x876.jpg 1536w, https:\/\/werbekompass.ch\/wp-content\/uploads\/2025\/11\/FR-Werbemarkt-Trend-Oktober-Branchenranking-SoA-2048x1168.jpg 2048w\" sizes=\"auto, (max-width: 2560px) 100vw, 2560px\" \/><\/figure>\n\n\n\n<div style=\"height:37px\" aria-hidden=\"true\" class=\"wp-block-spacer\"><\/div>\n\n\n\n<h3 class=\"wp-block-heading\" style=\"font-size:20px\"><strong>Les meilleurs produits num\u00e9riques<\/strong><\/h3>\n\n\n\n<p>Les produits et services les plus promus (hors promotion d\u2019assortiment et d\u2019image et hors cat\u00e9gories) en octobre.<\/p>\n\n\n\n<figure class=\"wp-block-image size-full is-resized\"><img loading=\"lazy\" decoding=\"async\" width=\"2560\" height=\"923\" src=\"https:\/\/werbekompass.ch\/wp-content\/uploads\/2025\/11\/FR-Werbemarkt-Trend-Oktober-Top-Produkte-digital-scaled.jpg\" alt=\"\" class=\"wp-image-194883\" style=\"width:1082px;height:auto\" srcset=\"https:\/\/werbekompass.ch\/wp-content\/uploads\/2025\/11\/FR-Werbemarkt-Trend-Oktober-Top-Produkte-digital-scaled.jpg 2560w, https:\/\/werbekompass.ch\/wp-content\/uploads\/2025\/11\/FR-Werbemarkt-Trend-Oktober-Top-Produkte-digital-300x108.jpg 300w, https:\/\/werbekompass.ch\/wp-content\/uploads\/2025\/11\/FR-Werbemarkt-Trend-Oktober-Top-Produkte-digital-1024x369.jpg 1024w, https:\/\/werbekompass.ch\/wp-content\/uploads\/2025\/11\/FR-Werbemarkt-Trend-Oktober-Top-Produkte-digital-768x277.jpg 768w, https:\/\/werbekompass.ch\/wp-content\/uploads\/2025\/11\/FR-Werbemarkt-Trend-Oktober-Top-Produkte-digital-1536x554.jpg 1536w, https:\/\/werbekompass.ch\/wp-content\/uploads\/2025\/11\/FR-Werbemarkt-Trend-Oktober-Top-Produkte-digital-2048x738.jpg 2048w\" sizes=\"auto, (max-width: 2560px) 100vw, 2560px\" \/><\/figure>\n\n\n\n<p>Sur le march\u00e9 de la publicit\u00e9 num\u00e9rique, le tableau est clair en octobre: les premi\u00e8res places dans les trois canaux ont \u00e9t\u00e9 en grande partie redistribu\u00e9es par rapport au mois pr\u00e9c\u00e9dent.<\/p>\n\n\n\n<p>Dans le domaine <strong>Display<\/strong>, <strong>Activ&nbsp;Fitness<\/strong> prend la t\u00eate, suivi par le <strong>Mercedes&nbsp;CLA&nbsp;Coup\u00e9<\/strong> qui se positionne \u00e9galement bien en t\u00eate du classement. Suisse&nbsp;Tourisme, l\u2019Union suisse des paysans et Friendly&nbsp;Work&nbsp;Space occupent les places suivantes. Des produits du secteur de la sant\u00e9 et des produits de grande consommation tels que Zyn&nbsp;Nicotine&nbsp;Pouches ou Red&nbsp;Bull sont \u00e9galement repr\u00e9sent\u00e9s, mais ils n\u2019atteignent pas le haut du classement en octobre.<\/p>\n\n\n\n<p>Sur <strong>YouTube<\/strong>, <strong>Pepsi&nbsp;Zero<\/strong> occupe la premi\u00e8re place et domine ainsi le classement mensuel. Le produit est suivi par <strong>Technogym<\/strong> et <strong>Kinder&nbsp;Bueno<\/strong>. Les v\u00eatements pour femmes H&amp;M et les Zyn&nbsp;Nicotine&nbsp;Pouches sont \u00e9galement pr\u00e9sents dans ce palmar\u00e8s. La forte pr\u00e9sence de titres de divertissement comme <strong>Tron<\/strong> est \u00e9galement frappante:<strong> Ar\u00e8s<\/strong>, <strong>Ghost of Yotei<\/strong> et <strong>L\u00e9gendes Pok\u00e9mon&nbsp;: Z-A<\/strong> compl\u00e8tent le champ des meilleurs spots YouTube.<\/p>\n\n\n\n<p>Dans le domaine <strong>Search<\/strong>, <strong>Booking.com<\/strong> reste incontestablement en t\u00eate avec une nette avance. Ce site est suivi par <strong>Comparis.ch<\/strong> ainsi que par les moteurs de recherche <strong>Trivago.ch<\/strong> et <strong>Skyscanner.ch<\/strong>. La pr\u00e9sence forte de nombreuses plateformes de voyages continue de caract\u00e9riser le canal. Le peloton de t\u00eate est notamment compl\u00e9t\u00e9 par <strong>Yallo.ch<\/strong>, <strong>Opodo.ch<\/strong>, <strong>AXA.ch<\/strong>, <strong>eDreams.ch<\/strong>, <strong>Zurich.ch<\/strong> et <strong>Financescout24.ch<\/strong>, qui ont enregistr\u00e9 des volumes de recherche significatifs en octobre.<\/p>\n\n\n\n<p>Dans l\u2019ensemble, le march\u00e9 num\u00e9rique se montre \u00e0 nouveau fortement diversifi\u00e9 en octobre: alors que Display et YouTube dominent leurs classements avec un large \u00e9ventail de secteurs tels que le commerce, le fitness, la mobilit\u00e9 et le divertissement, Search reste clairement ax\u00e9 sur les voyages et les assurances.<\/p>\n\n\n\n<div style=\"height:37px\" aria-hidden=\"true\" class=\"wp-block-spacer\"><\/div>\n\n\n\n<h3 class=\"wp-block-heading\" style=\"font-size:20px\"><strong>Mix de m\u00e9dias<\/strong><\/h3>\n\n\n\n<p>Mix de m\u00e9dias pour le mois d&rsquo;octobre.<\/p>\n\n\n\n<figure class=\"wp-block-image size-full\"><img loading=\"lazy\" decoding=\"async\" width=\"2560\" height=\"1460\" src=\"https:\/\/werbekompass.ch\/wp-content\/uploads\/2025\/11\/FR-Werbemarkt-Trend-Oktober-Media-Mix-digital-scaled.jpg\" alt=\"\" class=\"wp-image-194886\" srcset=\"https:\/\/werbekompass.ch\/wp-content\/uploads\/2025\/11\/FR-Werbemarkt-Trend-Oktober-Media-Mix-digital-scaled.jpg 2560w, https:\/\/werbekompass.ch\/wp-content\/uploads\/2025\/11\/FR-Werbemarkt-Trend-Oktober-Media-Mix-digital-300x171.jpg 300w, https:\/\/werbekompass.ch\/wp-content\/uploads\/2025\/11\/FR-Werbemarkt-Trend-Oktober-Media-Mix-digital-1024x584.jpg 1024w, https:\/\/werbekompass.ch\/wp-content\/uploads\/2025\/11\/FR-Werbemarkt-Trend-Oktober-Media-Mix-digital-768x438.jpg 768w, https:\/\/werbekompass.ch\/wp-content\/uploads\/2025\/11\/FR-Werbemarkt-Trend-Oktober-Media-Mix-digital-1536x876.jpg 1536w, https:\/\/werbekompass.ch\/wp-content\/uploads\/2025\/11\/FR-Werbemarkt-Trend-Oktober-Media-Mix-digital-2048x1168.jpg 2048w\" sizes=\"auto, (max-width: 2560px) 100vw, 2560px\" \/><\/figure>\n\n\n\n<p><\/p>\n\n\n\n<p>Contact: mediafocus@mediafocus.ch, Tel.: +41 43 322 27 50<\/p>\n\n\n\n<div class=\"wp-block-buttons is-layout-flex wp-block-buttons-is-layout-flex\">\n<div class=\"wp-block-button\"><a class=\"wp-block-button__link wp-element-button\" href=\"https:\/\/mediafocus.ch\/fr\/publications\/resume-annuel-2024\/\" target=\"_blank\" rel=\"noreferrer noopener\">R\u00e9sum\u00e9 annuel 2024<\/a><\/div>\n<\/div>\n\n\n\n<div class=\"wp-block-buttons is-layout-flex wp-block-buttons-is-layout-flex\">\n<div class=\"wp-block-button\"><a class=\"wp-block-button__link wp-element-button\" href=\"https:\/\/mediafocus.ch\/fr\/publication\/marche-publicitaire-en-septembre-a-nouveau-en-leger-recul-par-rapport-a-lan-dernier\/\" target=\"_blank\" rel=\"noreferrer noopener\">Tendance du march\u00e9 publicitaire&nbsp;septembre 2025<\/a><\/div>\n<\/div>\n\n\n\n<p><\/p>\n","protected":false},"excerpt":{"rendered":"<p>Tendance du march\u00e9 publicitaire&nbsp; Octobre 2025 Apr\u00e8s une nette baisse enregistr\u00e9e en septembre, le recul sur le march\u00e9 publicitaire classique s\u2019est l\u00e9g\u00e8rement att\u00e9nu\u00e9 en octobre. Avec une pression publicitaire brute de 404.6\u00a0millions de francs, le r\u00e9sultat est inf\u00e9rieur de 1.5% \u00e0 celui de l\u2019ann\u00e9e pr\u00e9c\u00e9dente. L\u2019\u00e9volution se stabilise par rapport au mois pr\u00e9c\u00e9dent, tout en [&hellip;]<\/p>\n","protected":false},"author":12,"featured_media":192960,"comment_status":"closed","ping_status":"closed","sticky":false,"template":"","format":"standard","meta":{"_acf_changed":false,"footnotes":""},"categories":[100,187],"tags":[],"class_list":["post-194784","post","type-post","status-publish","format-standard","has-post-thumbnail","hentry","category-publications-fr","category-tendance-du-marche-publicitaire"],"acf":[],"yoast_head":"<!-- This site is optimized with the Yoast SEO plugin v27.0 - https:\/\/yoast.com\/product\/yoast-seo-wordpress\/ -->\n<title>L\u00e9ger recul sur le march\u00e9 classique \u2013 le num\u00e9rique reste fort - Werbekompass<\/title>\n<meta name=\"description\" content=\"Media Focus pr\u00e9sente la tendance du march\u00e9 publicitaire pour octobre 2025 : principaux secteurs, annonceurs, produits et mix m\u00e9dia.\" \/>\n<meta name=\"robots\" content=\"index, follow, max-snippet:-1, max-image-preview:large, max-video-preview:-1\" \/>\n<link rel=\"canonical\" href=\"https:\/\/werbekompass.ch\/fr\/leger-recul-sur-le-marche-classique-le-numerique-reste-fort\/\" \/>\n<meta property=\"og:locale\" content=\"fr_FR\" \/>\n<meta property=\"og:type\" content=\"article\" \/>\n<meta property=\"og:title\" content=\"L\u00e9ger recul sur le march\u00e9 classique \u2013 le num\u00e9rique reste fort - Werbekompass\" \/>\n<meta property=\"og:description\" content=\"Media Focus pr\u00e9sente la tendance du march\u00e9 publicitaire pour octobre 2025 : principaux secteurs, annonceurs, produits et mix m\u00e9dia.\" \/>\n<meta property=\"og:url\" content=\"https:\/\/werbekompass.ch\/fr\/leger-recul-sur-le-marche-classique-le-numerique-reste-fort\/\" \/>\n<meta property=\"og:site_name\" content=\"Werbekompass\" \/>\n<meta property=\"article:published_time\" content=\"2025-11-26T19:15:08+00:00\" \/>\n<meta property=\"article:modified_time\" content=\"2025-11-28T13:40:02+00:00\" \/>\n<meta property=\"og:image\" content=\"https:\/\/werbekompass.ch\/wp-content\/uploads\/2025\/02\/Titelbild-gerader-Pfeil-1024x576.png\" \/>\n\t<meta property=\"og:image:width\" content=\"1024\" \/>\n\t<meta property=\"og:image:height\" content=\"576\" \/>\n\t<meta property=\"og:image:type\" content=\"image\/png\" \/>\n<meta name=\"author\" content=\"Media Focus\" \/>\n<meta name=\"twitter:card\" content=\"summary_large_image\" \/>\n<meta name=\"twitter:label1\" content=\"\u00c9crit par\" \/>\n\t<meta name=\"twitter:data1\" content=\"Media Focus\" \/>\n\t<meta name=\"twitter:label2\" content=\"Dur\u00e9e de lecture estim\u00e9e\" \/>\n\t<meta name=\"twitter:data2\" content=\"11 minutes\" \/>\n<script type=\"application\/ld+json\" class=\"yoast-schema-graph\">{\"@context\":\"https:\/\/schema.org\",\"@graph\":[{\"@type\":\"Article\",\"@id\":\"https:\/\/werbekompass.ch\/fr\/leger-recul-sur-le-marche-classique-le-numerique-reste-fort\/#article\",\"isPartOf\":{\"@id\":\"https:\/\/werbekompass.ch\/fr\/leger-recul-sur-le-marche-classique-le-numerique-reste-fort\/\"},\"author\":{\"name\":\"Media Focus\",\"@id\":\"https:\/\/werbekompass.ch\/fr\/#\/schema\/person\/6a9965f3fa4e754ab6d4e61a669060e0\"},\"headline\":\"L\u00e9ger recul sur le march\u00e9 classique \u2013 le num\u00e9rique reste fort\",\"datePublished\":\"2025-11-26T19:15:08+00:00\",\"dateModified\":\"2025-11-28T13:40:02+00:00\",\"mainEntityOfPage\":{\"@id\":\"https:\/\/werbekompass.ch\/fr\/leger-recul-sur-le-marche-classique-le-numerique-reste-fort\/\"},\"wordCount\":1587,\"image\":{\"@id\":\"https:\/\/werbekompass.ch\/fr\/leger-recul-sur-le-marche-classique-le-numerique-reste-fort\/#primaryimage\"},\"thumbnailUrl\":\"https:\/\/werbekompass.ch\/wp-content\/uploads\/2025\/02\/Titelbild-gerader-Pfeil.png\",\"articleSection\":[\"Media Focus Publications\",\"Tendance du march\u00e9 publicitaire\"],\"inLanguage\":\"fr-FR\"},{\"@type\":\"WebPage\",\"@id\":\"https:\/\/werbekompass.ch\/fr\/leger-recul-sur-le-marche-classique-le-numerique-reste-fort\/\",\"url\":\"https:\/\/werbekompass.ch\/fr\/leger-recul-sur-le-marche-classique-le-numerique-reste-fort\/\",\"name\":\"L\u00e9ger recul sur le march\u00e9 classique \u2013 le num\u00e9rique reste fort - Werbekompass\",\"isPartOf\":{\"@id\":\"https:\/\/werbekompass.ch\/fr\/#website\"},\"primaryImageOfPage\":{\"@id\":\"https:\/\/werbekompass.ch\/fr\/leger-recul-sur-le-marche-classique-le-numerique-reste-fort\/#primaryimage\"},\"image\":{\"@id\":\"https:\/\/werbekompass.ch\/fr\/leger-recul-sur-le-marche-classique-le-numerique-reste-fort\/#primaryimage\"},\"thumbnailUrl\":\"https:\/\/werbekompass.ch\/wp-content\/uploads\/2025\/02\/Titelbild-gerader-Pfeil.png\",\"datePublished\":\"2025-11-26T19:15:08+00:00\",\"dateModified\":\"2025-11-28T13:40:02+00:00\",\"author\":{\"@id\":\"https:\/\/werbekompass.ch\/fr\/#\/schema\/person\/6a9965f3fa4e754ab6d4e61a669060e0\"},\"description\":\"Media Focus pr\u00e9sente la tendance du march\u00e9 publicitaire pour octobre 2025 : principaux secteurs, annonceurs, produits et mix m\u00e9dia.\",\"breadcrumb\":{\"@id\":\"https:\/\/werbekompass.ch\/fr\/leger-recul-sur-le-marche-classique-le-numerique-reste-fort\/#breadcrumb\"},\"inLanguage\":\"fr-FR\",\"potentialAction\":[{\"@type\":\"ReadAction\",\"target\":[\"https:\/\/werbekompass.ch\/fr\/leger-recul-sur-le-marche-classique-le-numerique-reste-fort\/\"]}]},{\"@type\":\"ImageObject\",\"inLanguage\":\"fr-FR\",\"@id\":\"https:\/\/werbekompass.ch\/fr\/leger-recul-sur-le-marche-classique-le-numerique-reste-fort\/#primaryimage\",\"url\":\"https:\/\/werbekompass.ch\/wp-content\/uploads\/2025\/02\/Titelbild-gerader-Pfeil.png\",\"contentUrl\":\"https:\/\/werbekompass.ch\/wp-content\/uploads\/2025\/02\/Titelbild-gerader-Pfeil.png\",\"width\":4000,\"height\":2250},{\"@type\":\"BreadcrumbList\",\"@id\":\"https:\/\/werbekompass.ch\/fr\/leger-recul-sur-le-marche-classique-le-numerique-reste-fort\/#breadcrumb\",\"itemListElement\":[{\"@type\":\"ListItem\",\"position\":1,\"name\":\"Home\",\"item\":\"https:\/\/werbekompass.ch\/fr\/\"},{\"@type\":\"ListItem\",\"position\":2,\"name\":\"L\u00e9ger recul sur le march\u00e9 classique \u2013 le num\u00e9rique reste fort\"}]},{\"@type\":\"WebSite\",\"@id\":\"https:\/\/werbekompass.ch\/fr\/#website\",\"url\":\"https:\/\/werbekompass.ch\/fr\/\",\"name\":\"Werbekompass\",\"description\":\"Der Wegweiser f\u00fcr den Schweizer Werbemarkt\",\"potentialAction\":[{\"@type\":\"SearchAction\",\"target\":{\"@type\":\"EntryPoint\",\"urlTemplate\":\"https:\/\/werbekompass.ch\/fr\/?s={search_term_string}\"},\"query-input\":{\"@type\":\"PropertyValueSpecification\",\"valueRequired\":true,\"valueName\":\"search_term_string\"}}],\"inLanguage\":\"fr-FR\"},{\"@type\":\"Person\",\"@id\":\"https:\/\/werbekompass.ch\/fr\/#\/schema\/person\/6a9965f3fa4e754ab6d4e61a669060e0\",\"name\":\"Media Focus\",\"image\":{\"@type\":\"ImageObject\",\"inLanguage\":\"fr-FR\",\"@id\":\"https:\/\/werbekompass.ch\/fr\/#\/schema\/person\/image\/\",\"url\":\"https:\/\/secure.gravatar.com\/avatar\/8ec154e3c74cc275b9bfed07fce8c8e2225c5b9cd512d65b3b727263274ae22e?s=96&d=mm&r=g\",\"contentUrl\":\"https:\/\/secure.gravatar.com\/avatar\/8ec154e3c74cc275b9bfed07fce8c8e2225c5b9cd512d65b3b727263274ae22e?s=96&d=mm&r=g\",\"caption\":\"Media Focus\"},\"url\":\"https:\/\/werbekompass.ch\/fr\/author\/media-focus\/\"}]}<\/script>\n<!-- \/ Yoast SEO plugin. -->","yoast_head_json":{"title":"L\u00e9ger recul sur le march\u00e9 classique \u2013 le num\u00e9rique reste fort - Werbekompass","description":"Media Focus pr\u00e9sente la tendance du march\u00e9 publicitaire pour octobre 2025 : principaux secteurs, annonceurs, produits et mix m\u00e9dia.","robots":{"index":"index","follow":"follow","max-snippet":"max-snippet:-1","max-image-preview":"max-image-preview:large","max-video-preview":"max-video-preview:-1"},"canonical":"https:\/\/werbekompass.ch\/fr\/leger-recul-sur-le-marche-classique-le-numerique-reste-fort\/","og_locale":"fr_FR","og_type":"article","og_title":"L\u00e9ger recul sur le march\u00e9 classique \u2013 le num\u00e9rique reste fort - Werbekompass","og_description":"Media Focus pr\u00e9sente la tendance du march\u00e9 publicitaire pour octobre 2025 : principaux secteurs, annonceurs, produits et mix m\u00e9dia.","og_url":"https:\/\/werbekompass.ch\/fr\/leger-recul-sur-le-marche-classique-le-numerique-reste-fort\/","og_site_name":"Werbekompass","article_published_time":"2025-11-26T19:15:08+00:00","article_modified_time":"2025-11-28T13:40:02+00:00","og_image":[{"width":1024,"height":576,"url":"https:\/\/werbekompass.ch\/wp-content\/uploads\/2025\/02\/Titelbild-gerader-Pfeil-1024x576.png","type":"image\/png"}],"author":"Media Focus","twitter_card":"summary_large_image","twitter_misc":{"\u00c9crit par":"Media Focus","Dur\u00e9e de lecture estim\u00e9e":"11 minutes"},"schema":{"@context":"https:\/\/schema.org","@graph":[{"@type":"Article","@id":"https:\/\/werbekompass.ch\/fr\/leger-recul-sur-le-marche-classique-le-numerique-reste-fort\/#article","isPartOf":{"@id":"https:\/\/werbekompass.ch\/fr\/leger-recul-sur-le-marche-classique-le-numerique-reste-fort\/"},"author":{"name":"Media Focus","@id":"https:\/\/werbekompass.ch\/fr\/#\/schema\/person\/6a9965f3fa4e754ab6d4e61a669060e0"},"headline":"L\u00e9ger recul sur le march\u00e9 classique \u2013 le num\u00e9rique reste fort","datePublished":"2025-11-26T19:15:08+00:00","dateModified":"2025-11-28T13:40:02+00:00","mainEntityOfPage":{"@id":"https:\/\/werbekompass.ch\/fr\/leger-recul-sur-le-marche-classique-le-numerique-reste-fort\/"},"wordCount":1587,"image":{"@id":"https:\/\/werbekompass.ch\/fr\/leger-recul-sur-le-marche-classique-le-numerique-reste-fort\/#primaryimage"},"thumbnailUrl":"https:\/\/werbekompass.ch\/wp-content\/uploads\/2025\/02\/Titelbild-gerader-Pfeil.png","articleSection":["Media Focus Publications","Tendance du march\u00e9 publicitaire"],"inLanguage":"fr-FR"},{"@type":"WebPage","@id":"https:\/\/werbekompass.ch\/fr\/leger-recul-sur-le-marche-classique-le-numerique-reste-fort\/","url":"https:\/\/werbekompass.ch\/fr\/leger-recul-sur-le-marche-classique-le-numerique-reste-fort\/","name":"L\u00e9ger recul sur le march\u00e9 classique \u2013 le num\u00e9rique reste fort - Werbekompass","isPartOf":{"@id":"https:\/\/werbekompass.ch\/fr\/#website"},"primaryImageOfPage":{"@id":"https:\/\/werbekompass.ch\/fr\/leger-recul-sur-le-marche-classique-le-numerique-reste-fort\/#primaryimage"},"image":{"@id":"https:\/\/werbekompass.ch\/fr\/leger-recul-sur-le-marche-classique-le-numerique-reste-fort\/#primaryimage"},"thumbnailUrl":"https:\/\/werbekompass.ch\/wp-content\/uploads\/2025\/02\/Titelbild-gerader-Pfeil.png","datePublished":"2025-11-26T19:15:08+00:00","dateModified":"2025-11-28T13:40:02+00:00","author":{"@id":"https:\/\/werbekompass.ch\/fr\/#\/schema\/person\/6a9965f3fa4e754ab6d4e61a669060e0"},"description":"Media Focus pr\u00e9sente la tendance du march\u00e9 publicitaire pour octobre 2025 : principaux secteurs, annonceurs, produits et mix m\u00e9dia.","breadcrumb":{"@id":"https:\/\/werbekompass.ch\/fr\/leger-recul-sur-le-marche-classique-le-numerique-reste-fort\/#breadcrumb"},"inLanguage":"fr-FR","potentialAction":[{"@type":"ReadAction","target":["https:\/\/werbekompass.ch\/fr\/leger-recul-sur-le-marche-classique-le-numerique-reste-fort\/"]}]},{"@type":"ImageObject","inLanguage":"fr-FR","@id":"https:\/\/werbekompass.ch\/fr\/leger-recul-sur-le-marche-classique-le-numerique-reste-fort\/#primaryimage","url":"https:\/\/werbekompass.ch\/wp-content\/uploads\/2025\/02\/Titelbild-gerader-Pfeil.png","contentUrl":"https:\/\/werbekompass.ch\/wp-content\/uploads\/2025\/02\/Titelbild-gerader-Pfeil.png","width":4000,"height":2250},{"@type":"BreadcrumbList","@id":"https:\/\/werbekompass.ch\/fr\/leger-recul-sur-le-marche-classique-le-numerique-reste-fort\/#breadcrumb","itemListElement":[{"@type":"ListItem","position":1,"name":"Home","item":"https:\/\/werbekompass.ch\/fr\/"},{"@type":"ListItem","position":2,"name":"L\u00e9ger recul sur le march\u00e9 classique \u2013 le num\u00e9rique reste fort"}]},{"@type":"WebSite","@id":"https:\/\/werbekompass.ch\/fr\/#website","url":"https:\/\/werbekompass.ch\/fr\/","name":"Werbekompass","description":"Der Wegweiser f\u00fcr den Schweizer Werbemarkt","potentialAction":[{"@type":"SearchAction","target":{"@type":"EntryPoint","urlTemplate":"https:\/\/werbekompass.ch\/fr\/?s={search_term_string}"},"query-input":{"@type":"PropertyValueSpecification","valueRequired":true,"valueName":"search_term_string"}}],"inLanguage":"fr-FR"},{"@type":"Person","@id":"https:\/\/werbekompass.ch\/fr\/#\/schema\/person\/6a9965f3fa4e754ab6d4e61a669060e0","name":"Media Focus","image":{"@type":"ImageObject","inLanguage":"fr-FR","@id":"https:\/\/werbekompass.ch\/fr\/#\/schema\/person\/image\/","url":"https:\/\/secure.gravatar.com\/avatar\/8ec154e3c74cc275b9bfed07fce8c8e2225c5b9cd512d65b3b727263274ae22e?s=96&d=mm&r=g","contentUrl":"https:\/\/secure.gravatar.com\/avatar\/8ec154e3c74cc275b9bfed07fce8c8e2225c5b9cd512d65b3b727263274ae22e?s=96&d=mm&r=g","caption":"Media Focus"},"url":"https:\/\/werbekompass.ch\/fr\/author\/media-focus\/"}]}},"_links":{"self":[{"href":"https:\/\/werbekompass.ch\/fr\/wp-json\/wp\/v2\/posts\/194784","targetHints":{"allow":["GET"]}}],"collection":[{"href":"https:\/\/werbekompass.ch\/fr\/wp-json\/wp\/v2\/posts"}],"about":[{"href":"https:\/\/werbekompass.ch\/fr\/wp-json\/wp\/v2\/types\/post"}],"author":[{"embeddable":true,"href":"https:\/\/werbekompass.ch\/fr\/wp-json\/wp\/v2\/users\/12"}],"replies":[{"embeddable":true,"href":"https:\/\/werbekompass.ch\/fr\/wp-json\/wp\/v2\/comments?post=194784"}],"version-history":[{"count":9,"href":"https:\/\/werbekompass.ch\/fr\/wp-json\/wp\/v2\/posts\/194784\/revisions"}],"predecessor-version":[{"id":194903,"href":"https:\/\/werbekompass.ch\/fr\/wp-json\/wp\/v2\/posts\/194784\/revisions\/194903"}],"wp:featuredmedia":[{"embeddable":true,"href":"https:\/\/werbekompass.ch\/fr\/wp-json\/wp\/v2\/media\/192960"}],"wp:attachment":[{"href":"https:\/\/werbekompass.ch\/fr\/wp-json\/wp\/v2\/media?parent=194784"}],"wp:term":[{"taxonomy":"category","embeddable":true,"href":"https:\/\/werbekompass.ch\/fr\/wp-json\/wp\/v2\/categories?post=194784"},{"taxonomy":"post_tag","embeddable":true,"href":"https:\/\/werbekompass.ch\/fr\/wp-json\/wp\/v2\/tags?post=194784"}],"curies":[{"name":"wp","href":"https:\/\/api.w.org\/{rel}","templated":true}]}}