{"id":195272,"date":"2026-01-22T15:15:54","date_gmt":"2026-01-22T15:15:54","guid":{"rendered":"https:\/\/werbekompass.ch\/?p=195272"},"modified":"2026-01-28T10:12:09","modified_gmt":"2026-01-28T10:12:09","slug":"une-reprise-en-fin-dannee","status":"publish","type":"post","link":"https:\/\/werbekompass.ch\/fr\/une-reprise-en-fin-dannee\/","title":{"rendered":"Une reprise en fin d\u2019ann\u00e9e"},"content":{"rendered":"\n<div style=\"height:17px\" aria-hidden=\"true\" class=\"wp-block-spacer\"><\/div>\n\n\n\n<div class=\"wp-block-media-text alignfull has-media-on-the-right is-stacked-on-mobile wbk-media-text-partner-promotion-block has-white-color has-text-color has-background has-link-color wp-elements-0ba68d1c8a4b4674e061aecfa7b2f965\" style=\"background-color:#3e3e3e;grid-template-columns:auto 34%\"><div class=\"wp-block-media-text__content\">\n<h1 class=\"wp-block-heading has-white-color has-text-color has-link-color has-x-large-font-size wp-elements-9daad071f958645ee499bc12f72a1eb3\">Tendance du march\u00e9 publicitaire&nbsp;<\/h1>\n\n\n\n<p class=\"has-turquoise-color has-text-color has-link-color has-large-font-size wp-elements-7a3b7f8bb9202c990c895a9766504f02\">D\u00e9cembre 2025<\/p>\n<\/div><figure class=\"wp-block-media-text__media\"><img loading=\"lazy\" decoding=\"async\" width=\"1024\" height=\"576\" src=\"https:\/\/werbekompass.ch\/wp-content\/uploads\/2025\/02\/Titelbild-Pfeil-neu-1024x576.png\" alt=\"\" class=\"wp-image-192968 size-full\" srcset=\"https:\/\/werbekompass.ch\/wp-content\/uploads\/2025\/02\/Titelbild-Pfeil-neu-1024x576.png 1024w, https:\/\/werbekompass.ch\/wp-content\/uploads\/2025\/02\/Titelbild-Pfeil-neu-300x169.png 300w, https:\/\/werbekompass.ch\/wp-content\/uploads\/2025\/02\/Titelbild-Pfeil-neu-768x432.png 768w, https:\/\/werbekompass.ch\/wp-content\/uploads\/2025\/02\/Titelbild-Pfeil-neu-1536x864.png 1536w, https:\/\/werbekompass.ch\/wp-content\/uploads\/2025\/02\/Titelbild-Pfeil-neu-2048x1152.png 2048w\" sizes=\"auto, (max-width: 1024px) 100vw, 1024px\" \/><\/figure><\/div>\n\n\n\n<p>Pour cl\u00f4turer l\u2019ann\u00e9e, le march\u00e9 publicitaire classique a atteint en d\u00e9cembre une <strong>pression publicitaire brute de 367.4&nbsp;millions de CHF<\/strong>, soit <strong>3.1%<\/strong> de plus que le m\u00eame mois de l\u2019ann\u00e9e pr\u00e9c\u00e9dente. Cette hausse est la plus forte de l\u2019ann\u00e9e apr\u00e8s celle enregistr\u00e9e en juillet (+3.1% \u00e9galement) et constitue l\u2019une des trois seules \u00e9volutions mensuelles positives.<\/p>\n\n\n\n<p>En cumul\u00e9 sur l\u2019ensemble de l\u2019ann\u00e9e 2025, la pression publicitaire classique s\u2019\u00e9l\u00e8ve \u00e0 <strong>3930.8\u00a0millions de CHF<\/strong>, ce qui repr\u00e9sente une baisse de 1.7% par rapport \u00e0 2024. Le bilan AAJ reste donc essentiellement stable par rapport aux mois pr\u00e9c\u00e9dents d\u2019octobre et de novembre.<\/p>\n\n\n\n<p>Au niveau des m\u00e9dias, la comparaison mensuelle r\u00e9v\u00e8le un tableau diff\u00e9renci\u00e9: l\u2019out-of-home enregistre une croissance significative de 26.2% par rapport \u00e0 l\u2019ann\u00e9e pr\u00e9c\u00e9dente. La presse affiche \u00e9galement une l\u00e9g\u00e8re hausse (+0.8%) par rapport \u00e0 2024. En revanche, la t\u00e9l\u00e9vision (-2.8%), la radio (-10.9%) et le cin\u00e9ma* (-23.4%) affichent des baisses apr\u00e8s une \u00e9volution neutre \u00e0 positive en novembre.<\/p>\n\n\n\n<p>Le march\u00e9 publicitaire num\u00e9rique a atteint 234.8\u00a0millions de CHF en d\u00e9cembre, soit 32.2% de plus que le m\u00eame mois de l\u2019ann\u00e9e pr\u00e9c\u00e9dente. Par rapport aux mois pr\u00e9c\u00e9dents, la pression publicitaire num\u00e9rique a certes l\u00e9g\u00e8rement diminu\u00e9, mais elle reste globalement \u00e0 un niveau \u00e9lev\u00e9. En cumul\u00e9, le march\u00e9 num\u00e9rique s\u2019\u00e9l\u00e8ve \u00e0 2076.7\u00a0millions de CHF en d\u00e9cembre, ce qui correspond \u00e0 un recul de 3.8% au cours de l\u2019ann\u00e9e.<\/p>\n\n\n\n<p>*Les r\u00e9servations du <strong>29 au 31&nbsp;d\u00e9cembre<\/strong> ne seront publi\u00e9es que dans le cadre de la <strong>cl\u00f4ture mensuelle de janvier<\/strong> et seront int\u00e9gr\u00e9es \u00e0 la <strong>semaine 1 (janvier)<\/strong>.<\/p>\n\n\n\n<div style=\"height:17px\" aria-hidden=\"true\" class=\"wp-block-spacer\"><\/div>\n\n\n\n<hr class=\"wp-block-separator has-alpha-channel-opacity is-style-dots\" style=\"margin-top:0;margin-bottom:0\"\/>\n\n\n\n<h3 class=\"wp-block-heading\" style=\"font-size:25px\"><strong>Pression publicitaire sur le march\u00e9 global<\/strong><\/h3>\n\n\n\n<p>\u00c9volution de la pression publicitaire au mois de d\u00e9cembre&nbsp;2025 en millions de francs bruts.<\/p>\n\n\n\n<figure class=\"wp-block-image size-full is-resized\"><img loading=\"lazy\" decoding=\"async\" width=\"2560\" height=\"1460\" src=\"https:\/\/werbekompass.ch\/wp-content\/uploads\/2026\/01\/FR-Werbemarkt-Trend-Dezember-Gesamtmarkt-klassisch-scaled.jpg\" alt=\"\" class=\"wp-image-195274\" style=\"width:1085px;height:auto\" srcset=\"https:\/\/werbekompass.ch\/wp-content\/uploads\/2026\/01\/FR-Werbemarkt-Trend-Dezember-Gesamtmarkt-klassisch-scaled.jpg 2560w, https:\/\/werbekompass.ch\/wp-content\/uploads\/2026\/01\/FR-Werbemarkt-Trend-Dezember-Gesamtmarkt-klassisch-300x171.jpg 300w, https:\/\/werbekompass.ch\/wp-content\/uploads\/2026\/01\/FR-Werbemarkt-Trend-Dezember-Gesamtmarkt-klassisch-1024x584.jpg 1024w, https:\/\/werbekompass.ch\/wp-content\/uploads\/2026\/01\/FR-Werbemarkt-Trend-Dezember-Gesamtmarkt-klassisch-768x438.jpg 768w, https:\/\/werbekompass.ch\/wp-content\/uploads\/2026\/01\/FR-Werbemarkt-Trend-Dezember-Gesamtmarkt-klassisch-1536x876.jpg 1536w, https:\/\/werbekompass.ch\/wp-content\/uploads\/2026\/01\/FR-Werbemarkt-Trend-Dezember-Gesamtmarkt-klassisch-2048x1168.jpg 2048w\" sizes=\"auto, (max-width: 2560px) 100vw, 2560px\" \/><\/figure>\n\n\n\n<figure class=\"wp-block-image size-full is-resized\"><img loading=\"lazy\" decoding=\"async\" width=\"2560\" height=\"1460\" src=\"https:\/\/werbekompass.ch\/wp-content\/uploads\/2026\/01\/FR-Werbemarkt-Trend-Dezember-Monatsentwicklung-klassisch-scaled.jpg\" alt=\"\" class=\"wp-image-195277\" style=\"width:1085px;height:auto\" srcset=\"https:\/\/werbekompass.ch\/wp-content\/uploads\/2026\/01\/FR-Werbemarkt-Trend-Dezember-Monatsentwicklung-klassisch-scaled.jpg 2560w, https:\/\/werbekompass.ch\/wp-content\/uploads\/2026\/01\/FR-Werbemarkt-Trend-Dezember-Monatsentwicklung-klassisch-300x171.jpg 300w, https:\/\/werbekompass.ch\/wp-content\/uploads\/2026\/01\/FR-Werbemarkt-Trend-Dezember-Monatsentwicklung-klassisch-1024x584.jpg 1024w, https:\/\/werbekompass.ch\/wp-content\/uploads\/2026\/01\/FR-Werbemarkt-Trend-Dezember-Monatsentwicklung-klassisch-768x438.jpg 768w, https:\/\/werbekompass.ch\/wp-content\/uploads\/2026\/01\/FR-Werbemarkt-Trend-Dezember-Monatsentwicklung-klassisch-1536x876.jpg 1536w, https:\/\/werbekompass.ch\/wp-content\/uploads\/2026\/01\/FR-Werbemarkt-Trend-Dezember-Monatsentwicklung-klassisch-2048x1168.jpg 2048w\" sizes=\"auto, (max-width: 2560px) 100vw, 2560px\" \/><\/figure>\n\n\n\n<h3 class=\"wp-block-heading\" style=\"font-size:18px\"><strong><strong>Hausse dans 11\u00a0secteurs<\/strong><\/strong><\/h3>\n\n\n\n<p>Plus de la moiti\u00e9 des secteurs ont enregistr\u00e9 des augmentations significatives en d\u00e9cembre par rapport \u00e0 l\u2019ann\u00e9e pr\u00e9c\u00e9dente. L\u2019\u00e9volution la plus forte revient au secteur <strong>Produits tabagiques<\/strong> avec une hausse de 145.6%, due notamment \u00e0 l\u2019intensification de l\u2019activit\u00e9 publicitaire pour les sachets de nicotine Velo et les cigarettes Davidoff.<\/p>\n\n\n\n<p>Les secteurs <strong>T\u00e9l\u00e9communications<\/strong> (+124.3%), stimul\u00e9 par un engagement publicitaire accru de Swisscom par rapport \u00e0 l\u2019ann\u00e9e pr\u00e9c\u00e9dente, ainsi que <strong>M\u00e9dias<\/strong> (+48.5%), <strong>Transports<\/strong> (+24.1%) et <strong>Loisirs, gastronomie et tourisme<\/strong> (+22.4%), ont \u00e9galement connu des progressions significatives.<\/p>\n\n\n\n<p>Les secteurs <strong>Boissons<\/strong> (+15.0%), <strong>Pharmacie et sant\u00e9<\/strong> (+9.2%), <strong>Finances<\/strong> (+9.0%) ainsi que <strong>Construction, industrie et ameublement<\/strong> (+8.4%) font \u00e9galement partie des grands gagnants du mois de d\u00e9cembre.<\/p>\n\n\n\n<p>Les secteurs <strong>Services <\/strong>(+6.8%) et<strong> Num\u00e9rique et m\u00e9nage<\/strong> (+5.9%) affichent par ailleurs des hausses mod\u00e9r\u00e9es mais stables.<\/p>\n\n\n\n<h3 class=\"wp-block-heading\" style=\"font-size:18px\"><strong><strong>Reculs dans plusieurs secteurs<\/strong><\/strong><\/h3>\n\n\n\n<p>Bien que le secteur <strong>Commerce de d\u00e9tail <\/strong>conserve sa position de leader en 2025, il enregistre une baisse de 8.8% par rapport \u00e0 l\u2019ann\u00e9e pr\u00e9c\u00e9dente. Cette \u00e9volution est notamment due \u00e0 un volume publicitaire plus faible des grands distributeurs Coop, Migros et Denner.<\/p>\n\n\n\n<p>Les secteurs <strong>Produits alimentaires<\/strong> (-3.2%) et <strong>Initiatives et campagnes<\/strong> (-9.0%) affichent \u00e9galement un recul malgr\u00e9 leur positionnement solide dans les d\u00e9penses annuelles (2<sup>e<\/sup> et 3<sup>e<\/sup>\u00a0places).<\/p>\n\n\n\n<p>Le secteur <strong>Nettoyage<\/strong> enregistre le recul le plus important (-26.9%). Les secteurs <strong>Cosm\u00e9tiques et soins corporels <\/strong>(-14.9%), <strong>Mode et sport<\/strong> (-11.7%) et <strong>\u00c9nergie <\/strong>(-8.3%) se situent \u00e9galement clairement en dessous du niveau de l\u2019ann\u00e9e pr\u00e9c\u00e9dente.<\/p>\n\n\n\n<p>Si la baisse est moins marqu\u00e9e pour les secteurs <strong>V\u00e9hicules<\/strong> (-3.5%), <strong>Besoins personnels<\/strong> (-2.0%) et <strong>Manifestations<\/strong> (-0.7%), elle est n\u00e9anmoins pr\u00e9sente.<\/p>\n\n\n\n<h3 class=\"wp-block-heading\" style=\"font-size:20px\"><br><strong>Classement sectoriel<\/strong><\/h3>\n\n\n\n<p>Classement sectoriel de d\u00e9cembre.<\/p>\n\n\n\n<figure class=\"wp-block-image size-full is-resized\"><img loading=\"lazy\" decoding=\"async\" width=\"2560\" height=\"1460\" src=\"https:\/\/werbekompass.ch\/wp-content\/uploads\/2026\/01\/FR-Werbemarkt-Trend-Dezember-Branchenentwicklung-klassisch-scaled.jpg\" alt=\"\" class=\"wp-image-195280\" style=\"width:1084px;height:auto\" srcset=\"https:\/\/werbekompass.ch\/wp-content\/uploads\/2026\/01\/FR-Werbemarkt-Trend-Dezember-Branchenentwicklung-klassisch-scaled.jpg 2560w, https:\/\/werbekompass.ch\/wp-content\/uploads\/2026\/01\/FR-Werbemarkt-Trend-Dezember-Branchenentwicklung-klassisch-300x171.jpg 300w, https:\/\/werbekompass.ch\/wp-content\/uploads\/2026\/01\/FR-Werbemarkt-Trend-Dezember-Branchenentwicklung-klassisch-1024x584.jpg 1024w, https:\/\/werbekompass.ch\/wp-content\/uploads\/2026\/01\/FR-Werbemarkt-Trend-Dezember-Branchenentwicklung-klassisch-768x438.jpg 768w, https:\/\/werbekompass.ch\/wp-content\/uploads\/2026\/01\/FR-Werbemarkt-Trend-Dezember-Branchenentwicklung-klassisch-1536x876.jpg 1536w, https:\/\/werbekompass.ch\/wp-content\/uploads\/2026\/01\/FR-Werbemarkt-Trend-Dezember-Branchenentwicklung-klassisch-2048x1168.jpg 2048w\" sizes=\"auto, (max-width: 2560px) 100vw, 2560px\" \/><\/figure>\n\n\n\n<h3 class=\"wp-block-heading\" style=\"font-size:20px\"><strong>Les meilleurs annonceurs et produits<\/strong><\/h3>\n\n\n\n<p>Les meilleurs annonceurs et les produits et services les plus promus (hors promotion d\u2019assortiment et d\u2019image et hors cat\u00e9gories) en d\u00e9cembre.<\/p>\n\n\n\n<figure class=\"wp-block-image size-full\"><img loading=\"lazy\" decoding=\"async\" width=\"2560\" height=\"983\" src=\"https:\/\/werbekompass.ch\/wp-content\/uploads\/2026\/01\/FR-Werbemarkt-Trend-Dezember-Top-Advertiser-Produkte-scaled.jpg\" alt=\"\" class=\"wp-image-195283\" srcset=\"https:\/\/werbekompass.ch\/wp-content\/uploads\/2026\/01\/FR-Werbemarkt-Trend-Dezember-Top-Advertiser-Produkte-scaled.jpg 2560w, https:\/\/werbekompass.ch\/wp-content\/uploads\/2026\/01\/FR-Werbemarkt-Trend-Dezember-Top-Advertiser-Produkte-300x115.jpg 300w, https:\/\/werbekompass.ch\/wp-content\/uploads\/2026\/01\/FR-Werbemarkt-Trend-Dezember-Top-Advertiser-Produkte-1024x393.jpg 1024w, https:\/\/werbekompass.ch\/wp-content\/uploads\/2026\/01\/FR-Werbemarkt-Trend-Dezember-Top-Advertiser-Produkte-768x295.jpg 768w, https:\/\/werbekompass.ch\/wp-content\/uploads\/2026\/01\/FR-Werbemarkt-Trend-Dezember-Top-Advertiser-Produkte-1536x590.jpg 1536w, https:\/\/werbekompass.ch\/wp-content\/uploads\/2026\/01\/FR-Werbemarkt-Trend-Dezember-Top-Advertiser-Produkte-2048x786.jpg 2048w\" sizes=\"auto, (max-width: 2560px) 100vw, 2560px\" \/><\/figure>\n\n\n\n<h3 class=\"wp-block-heading\" style=\"font-size:20px\"><strong>Mix de m\u00e9dias<\/strong><\/h3>\n\n\n\n<p>Mix de m\u00e9dias pour le mois de d\u00e9cembre.<\/p>\n\n\n\n<figure class=\"wp-block-image size-full is-resized\"><img loading=\"lazy\" decoding=\"async\" width=\"2560\" height=\"1460\" src=\"https:\/\/werbekompass.ch\/wp-content\/uploads\/2026\/01\/FR-Werbemarkt-Trend-Dezember-Media-Mix-klassisch-scaled.jpg\" alt=\"\" class=\"wp-image-195286\" style=\"width:1084px;height:auto\" srcset=\"https:\/\/werbekompass.ch\/wp-content\/uploads\/2026\/01\/FR-Werbemarkt-Trend-Dezember-Media-Mix-klassisch-scaled.jpg 2560w, https:\/\/werbekompass.ch\/wp-content\/uploads\/2026\/01\/FR-Werbemarkt-Trend-Dezember-Media-Mix-klassisch-300x171.jpg 300w, https:\/\/werbekompass.ch\/wp-content\/uploads\/2026\/01\/FR-Werbemarkt-Trend-Dezember-Media-Mix-klassisch-1024x584.jpg 1024w, https:\/\/werbekompass.ch\/wp-content\/uploads\/2026\/01\/FR-Werbemarkt-Trend-Dezember-Media-Mix-klassisch-768x438.jpg 768w, https:\/\/werbekompass.ch\/wp-content\/uploads\/2026\/01\/FR-Werbemarkt-Trend-Dezember-Media-Mix-klassisch-1536x876.jpg 1536w, https:\/\/werbekompass.ch\/wp-content\/uploads\/2026\/01\/FR-Werbemarkt-Trend-Dezember-Media-Mix-klassisch-2048x1168.jpg 2048w\" sizes=\"auto, (max-width: 2560px) 100vw, 2560px\" \/><\/figure>\n\n\n\n<hr class=\"wp-block-separator has-alpha-channel-opacity is-style-default\"\/>\n\n\n\n<div style=\"height:37px\" aria-hidden=\"true\" class=\"wp-block-spacer\"><\/div>\n\n\n\n<h3 class=\"wp-block-heading\" style=\"font-size:25px\"><strong>Pression publicitaire sur le march\u00e9 num\u00e9rique<\/strong><\/h3>\n\n\n\n<p>\u00c9volution de la pression publicitaire au mois de d\u00e9cembre 2025 en millions de francs bruts.<\/p>\n\n\n\n<figure class=\"wp-block-image size-full is-resized\"><img loading=\"lazy\" decoding=\"async\" width=\"2560\" height=\"1460\" src=\"https:\/\/werbekompass.ch\/wp-content\/uploads\/2026\/01\/FR-Werbemarkt-Trend-Dezember-Gesamtmarkt-digital-scaled.jpg\" alt=\"\" class=\"wp-image-195289\" style=\"width:1083px;height:auto\" srcset=\"https:\/\/werbekompass.ch\/wp-content\/uploads\/2026\/01\/FR-Werbemarkt-Trend-Dezember-Gesamtmarkt-digital-scaled.jpg 2560w, https:\/\/werbekompass.ch\/wp-content\/uploads\/2026\/01\/FR-Werbemarkt-Trend-Dezember-Gesamtmarkt-digital-300x171.jpg 300w, https:\/\/werbekompass.ch\/wp-content\/uploads\/2026\/01\/FR-Werbemarkt-Trend-Dezember-Gesamtmarkt-digital-1024x584.jpg 1024w, https:\/\/werbekompass.ch\/wp-content\/uploads\/2026\/01\/FR-Werbemarkt-Trend-Dezember-Gesamtmarkt-digital-768x438.jpg 768w, https:\/\/werbekompass.ch\/wp-content\/uploads\/2026\/01\/FR-Werbemarkt-Trend-Dezember-Gesamtmarkt-digital-1536x876.jpg 1536w, https:\/\/werbekompass.ch\/wp-content\/uploads\/2026\/01\/FR-Werbemarkt-Trend-Dezember-Gesamtmarkt-digital-2048x1168.jpg 2048w\" sizes=\"auto, (max-width: 2560px) 100vw, 2560px\" \/><\/figure>\n\n\n\n<figure class=\"wp-block-image size-full is-resized\"><img loading=\"lazy\" decoding=\"async\" width=\"2560\" height=\"1460\" src=\"https:\/\/werbekompass.ch\/wp-content\/uploads\/2026\/01\/FR-Werbemarkt-Trend-Dezember-Monatsentwicklung-digital-scaled.jpg\" alt=\"\" class=\"wp-image-195292\" style=\"width:1083px;height:auto\" srcset=\"https:\/\/werbekompass.ch\/wp-content\/uploads\/2026\/01\/FR-Werbemarkt-Trend-Dezember-Monatsentwicklung-digital-scaled.jpg 2560w, https:\/\/werbekompass.ch\/wp-content\/uploads\/2026\/01\/FR-Werbemarkt-Trend-Dezember-Monatsentwicklung-digital-300x171.jpg 300w, https:\/\/werbekompass.ch\/wp-content\/uploads\/2026\/01\/FR-Werbemarkt-Trend-Dezember-Monatsentwicklung-digital-1024x584.jpg 1024w, https:\/\/werbekompass.ch\/wp-content\/uploads\/2026\/01\/FR-Werbemarkt-Trend-Dezember-Monatsentwicklung-digital-768x438.jpg 768w, https:\/\/werbekompass.ch\/wp-content\/uploads\/2026\/01\/FR-Werbemarkt-Trend-Dezember-Monatsentwicklung-digital-1536x876.jpg 1536w, https:\/\/werbekompass.ch\/wp-content\/uploads\/2026\/01\/FR-Werbemarkt-Trend-Dezember-Monatsentwicklung-digital-2048x1168.jpg 2048w\" sizes=\"auto, (max-width: 2560px) 100vw, 2560px\" \/><\/figure>\n\n\n\n<p>*Pour une meilleure comparabilit\u00e9 avec l\u2019ann\u00e9e pr\u00e9c\u00e9dente, le march\u00e9 publicitaire classique et les canaux num\u00e9riques (Search, YouTube, Display) sont pr\u00e9sent\u00e9s s\u00e9par\u00e9ment. Les fluctuations de la saisie en ligne peuvent \u00eatre accentu\u00e9es par des influences externes, notamment des mises \u00e0 jour techniques de la part de grandes plateformes telles que Google ou YouTube. Cela concerne en particulier le domaine Search, qui subit r\u00e9guli\u00e8rement des changements susceptibles de nuire \u00e0 la comparabilit\u00e9 de la pression publicitaire brute avec l\u2019ann\u00e9e pr\u00e9c\u00e9dente.<\/p>\n\n\n\n<h3 class=\"wp-block-heading\" style=\"font-size:18px\"><strong><strong><br>Classement sectoriel YTD: comparaison entre les canaux classiques et les canaux num\u00e9riques<\/strong><\/strong><\/h3>\n\n\n\n<p>Sur le canal publicitaire classique, les secteurs <strong>Commerce de d\u00e9tail<\/strong>, <strong>Produits alimentaires<\/strong> et <strong>Initiatives et campagnes<\/strong> sont en t\u00eate du classement. En revanche, sur le canal num\u00e9rique, le secteur <strong>Loisirs, gastronomie et tourisme<\/strong> domine, suivi par les secteurs <strong>Finances<\/strong> et <strong>Commerce de d\u00e9tail<\/strong>. Alors que les secteurs <strong>Produits alimentaires<\/strong> et <strong>Initiatives et campagnes<\/strong> ne parviennent pas \u00e0 sortir de la moiti\u00e9 inf\u00e9rieure du tableau dans le classement num\u00e9rique, les secteurs <strong>Loisirs, gastronomie et tourisme<\/strong> ainsi que <strong>Finances<\/strong> arrivent respectivement \u00e0 la quatri\u00e8me et \u00e0 la sixi\u00e8me place du classement classique.<\/p>\n\n\n\n<p>Le secteur <strong>V\u00e9hicules<\/strong> se positionne de mani\u00e8re constante en septi\u00e8me place sur les deux march\u00e9s, confirmant ainsi sa pr\u00e9sence stable tout au long de l\u2019ann\u00e9e.<\/p>\n\n\n\n<p>En milieu de tableau des deux march\u00e9s, on retrouve les secteurs <strong>Mode et sport<\/strong>, <strong>Pharmacie et sant\u00e9<\/strong> ainsi que <strong>Boissons<\/strong>.<\/p>\n\n\n\n<p>Les secteurs <strong>M\u00e9dias<\/strong>, <strong>\u00c9nergie<\/strong> et <strong>Produits tabagiques<\/strong> ferment la marche du classement classique, malgr\u00e9 la forte croissance du secteur <strong>Produits tabagiques<\/strong>. Sur le march\u00e9 num\u00e9rique, les lanternes rouges sont les secteurs <strong>Manifestations<\/strong>, <strong>Produits tabagiques<\/strong> et <strong>Nettoyage<\/strong>. L\u00e0 encore, les secteurs <strong>M\u00e9dias<\/strong> et <strong>\u00c9nergie<\/strong> occupent le tiers inf\u00e9rieur du tableau.<\/p>\n\n\n\n<div style=\"height:37px\" aria-hidden=\"true\" class=\"wp-block-spacer\"><\/div>\n\n\n\n<h3 class=\"wp-block-heading\" style=\"font-size:20px\"><strong>Classement sectoriel<\/strong><\/h3>\n\n\n\n<p>Classement sectoriel de d\u00e9cembre.<\/p>\n\n\n\n<figure class=\"wp-block-image size-full is-resized\"><img loading=\"lazy\" decoding=\"async\" width=\"2560\" height=\"1460\" src=\"https:\/\/werbekompass.ch\/wp-content\/uploads\/2026\/01\/FR-Werbemarkt-Trend-Dezember-Branchenranking-SoA-scaled.jpg\" alt=\"\" class=\"wp-image-195295\" style=\"width:1085px;height:auto\" srcset=\"https:\/\/werbekompass.ch\/wp-content\/uploads\/2026\/01\/FR-Werbemarkt-Trend-Dezember-Branchenranking-SoA-scaled.jpg 2560w, https:\/\/werbekompass.ch\/wp-content\/uploads\/2026\/01\/FR-Werbemarkt-Trend-Dezember-Branchenranking-SoA-300x171.jpg 300w, https:\/\/werbekompass.ch\/wp-content\/uploads\/2026\/01\/FR-Werbemarkt-Trend-Dezember-Branchenranking-SoA-1024x584.jpg 1024w, https:\/\/werbekompass.ch\/wp-content\/uploads\/2026\/01\/FR-Werbemarkt-Trend-Dezember-Branchenranking-SoA-768x438.jpg 768w, https:\/\/werbekompass.ch\/wp-content\/uploads\/2026\/01\/FR-Werbemarkt-Trend-Dezember-Branchenranking-SoA-1536x876.jpg 1536w, https:\/\/werbekompass.ch\/wp-content\/uploads\/2026\/01\/FR-Werbemarkt-Trend-Dezember-Branchenranking-SoA-2048x1168.jpg 2048w\" sizes=\"auto, (max-width: 2560px) 100vw, 2560px\" \/><\/figure>\n\n\n\n<div style=\"height:37px\" aria-hidden=\"true\" class=\"wp-block-spacer\"><\/div>\n\n\n\n<h3 class=\"wp-block-heading\" style=\"font-size:20px\"><strong>Les meilleurs produits num\u00e9riques<\/strong><\/h3>\n\n\n\n<p>Les produits et services les plus promus (hors promotion d\u2019assortiment et d\u2019image et hors cat\u00e9gories) en d\u00e9cembre.<\/p>\n\n\n\n<figure class=\"wp-block-image size-full is-resized\"><img loading=\"lazy\" decoding=\"async\" width=\"2560\" height=\"910\" src=\"https:\/\/werbekompass.ch\/wp-content\/uploads\/2026\/01\/FR-Werbemarkt-Trend-Dezember-Top-Produkte-scaled.jpg\" alt=\"\" class=\"wp-image-195298\" style=\"width:1082px;height:auto\" srcset=\"https:\/\/werbekompass.ch\/wp-content\/uploads\/2026\/01\/FR-Werbemarkt-Trend-Dezember-Top-Produkte-scaled.jpg 2560w, https:\/\/werbekompass.ch\/wp-content\/uploads\/2026\/01\/FR-Werbemarkt-Trend-Dezember-Top-Produkte-300x107.jpg 300w, https:\/\/werbekompass.ch\/wp-content\/uploads\/2026\/01\/FR-Werbemarkt-Trend-Dezember-Top-Produkte-1024x364.jpg 1024w, https:\/\/werbekompass.ch\/wp-content\/uploads\/2026\/01\/FR-Werbemarkt-Trend-Dezember-Top-Produkte-768x273.jpg 768w, https:\/\/werbekompass.ch\/wp-content\/uploads\/2026\/01\/FR-Werbemarkt-Trend-Dezember-Top-Produkte-1536x546.jpg 1536w, https:\/\/werbekompass.ch\/wp-content\/uploads\/2026\/01\/FR-Werbemarkt-Trend-Dezember-Top-Produkte-2048x728.jpg 2048w\" sizes=\"auto, (max-width: 2560px) 100vw, 2560px\" \/><\/figure>\n\n\n\n<p>Sur le march\u00e9 de la publicit\u00e9 num\u00e9rique, tous canaux confondus, le mois de d\u00e9cembre est \u00e0 nouveau tr\u00e8s dynamique.<\/p>\n\n\n\n<p>Dans le domaine <strong>Display<\/strong>, <strong>l\u2019abonnement Migros Mobile<\/strong> et <strong>Alao.ch<\/strong> conservent leurs premi\u00e8res places, tandis que <strong>Apfelkiste.ch<\/strong> passe de la quatri\u00e8me \u00e0 la troisi\u00e8me place, d\u00e9passant ainsi <strong>Energy.ch<\/strong>. Vient ensuite un large \u00e9ventail de fournisseurs de produits, allant du secteur financier aux produits tabagiques, en passant par le commerce de d\u00e9tail.<\/p>\n\n\n\n<p>La situation est similaire avec <strong>Search<\/strong>: <strong>Booking.com<\/strong> et <strong>Comparis.ch<\/strong> restent en t\u00eate du classement, tandis que <strong>Skyscanner.ch<\/strong> est rel\u00e9gu\u00e9 \u00e0 la quatri\u00e8me place par <strong>Axa.ch<\/strong>. <strong>Yallo.ch<\/strong> parvient \u00e9galement \u00e0 d\u00e9crocher une place et se trouve d\u00e9sormais en cinqui\u00e8me position. En revanche, <strong>Zurich.ch<\/strong> et <strong>Opodo.ch<\/strong> perdent des places.<\/p>\n\n\n\n<p>Dans le domaine <strong>&nbsp;YouTube<\/strong>, <strong>Disney+<\/strong> occupe d\u00e9sormais la premi\u00e8re place. Viennent ensuite <strong>Donkey Kong Bananza<\/strong> (7<sup>e<\/sup>&nbsp;place le mois pr\u00e9c\u00e9dent) et <strong>Mc Donald\u2019s Restaurants<\/strong> (4<sup>e<\/sup>&nbsp;place le mois pr\u00e9c\u00e9dent). Si les <strong>sachets de nicotine Zyn sans tabac<\/strong> et <strong>Joyn<\/strong> n\u2019ont pas r\u00e9ussi \u00e0 maintenir leur position du mois pr\u00e9c\u00e9dent, ils restent n\u00e9anmoins dans le top 10, respectivement \u00e0 la cinqui\u00e8me et \u00e0 la neuvi\u00e8me place.<\/p>\n\n\n\n<p>Il est frappant de noter que <strong>les sachets de nicotine Zyn sans tabac<\/strong> sont le seul produit \u00e0 figurer \u00e0 la fois dans le top 10 de <strong>Display<\/strong> et de <strong>YouTube<\/strong>.<\/p>\n\n\n\n<p>Dans l\u2019ensemble, le march\u00e9 de la publicit\u00e9 num\u00e9rique est tr\u00e8s h\u00e9t\u00e9rog\u00e8ne en d\u00e9cembre. Alors que les domaines <strong>Display<\/strong> et <strong>YouTube<\/strong> se caract\u00e9risent par un m\u00e9lange vari\u00e9 form\u00e9 par les secteurs T\u00e9l\u00e9communications, Commerce, Produits de grande consommation et Divertissement, <strong>Search<\/strong> reste clairement domin\u00e9 par les voyages et les assurances.<\/p>\n\n\n\n<div style=\"height:37px\" aria-hidden=\"true\" class=\"wp-block-spacer\"><\/div>\n\n\n\n<h3 class=\"wp-block-heading\" style=\"font-size:20px\"><strong>Mix de m\u00e9dias<\/strong><\/h3>\n\n\n\n<p>Mix de m\u00e9dias pour le mois de d\u00e9cembre.<\/p>\n\n\n\n<figure class=\"wp-block-image size-full\"><img loading=\"lazy\" decoding=\"async\" width=\"2560\" height=\"1460\" src=\"https:\/\/werbekompass.ch\/wp-content\/uploads\/2026\/01\/FR-Werbemarkt-Trend-Dezember-Media-Mix-digital-scaled.jpg\" alt=\"\" class=\"wp-image-195301\" srcset=\"https:\/\/werbekompass.ch\/wp-content\/uploads\/2026\/01\/FR-Werbemarkt-Trend-Dezember-Media-Mix-digital-scaled.jpg 2560w, https:\/\/werbekompass.ch\/wp-content\/uploads\/2026\/01\/FR-Werbemarkt-Trend-Dezember-Media-Mix-digital-300x171.jpg 300w, https:\/\/werbekompass.ch\/wp-content\/uploads\/2026\/01\/FR-Werbemarkt-Trend-Dezember-Media-Mix-digital-1024x584.jpg 1024w, https:\/\/werbekompass.ch\/wp-content\/uploads\/2026\/01\/FR-Werbemarkt-Trend-Dezember-Media-Mix-digital-768x438.jpg 768w, https:\/\/werbekompass.ch\/wp-content\/uploads\/2026\/01\/FR-Werbemarkt-Trend-Dezember-Media-Mix-digital-1536x876.jpg 1536w, https:\/\/werbekompass.ch\/wp-content\/uploads\/2026\/01\/FR-Werbemarkt-Trend-Dezember-Media-Mix-digital-2048x1168.jpg 2048w\" sizes=\"auto, (max-width: 2560px) 100vw, 2560px\" \/><\/figure>\n\n\n\n<p><\/p>\n\n\n\n<p>Contact: mediafocus@mediafocus.ch, Tel.: +41 43 322 27 50<\/p>\n\n\n\n<div class=\"wp-block-buttons is-layout-flex wp-block-buttons-is-layout-flex\">\n<div class=\"wp-block-button\"><a class=\"wp-block-button__link wp-element-button\" href=\"https:\/\/mediafocus.ch\/fr\/publications\/resume-annuel-2024\/\" target=\"_blank\" rel=\"noreferrer noopener\">R\u00e9sum\u00e9 annuel 2024<\/a><\/div>\n<\/div>\n\n\n\n<div class=\"wp-block-buttons is-layout-flex wp-block-buttons-is-layout-flex\">\n<div class=\"wp-block-button\"><a class=\"wp-block-button__link wp-element-button\" href=\"https:\/\/mediafocus.ch\/fr\/publication\/un-pic-pre-noel-stable-recul-nettement-plus-modere-que-lannee-precedente\/\" target=\"_blank\" rel=\"noreferrer noopener\">Tendance du march\u00e9 publicitaire&nbsp;novembre 2025<\/a><\/div>\n<\/div>\n\n\n\n<p><\/p>\n","protected":false},"excerpt":{"rendered":"<p>Tendance du march\u00e9 publicitaire&nbsp; D\u00e9cembre 2025 Pour cl\u00f4turer l\u2019ann\u00e9e, le march\u00e9 publicitaire classique a atteint en d\u00e9cembre une pression publicitaire brute de 367.4&nbsp;millions de CHF, soit 3.1% de plus que le m\u00eame mois de l\u2019ann\u00e9e pr\u00e9c\u00e9dente. Cette hausse est la plus forte de l\u2019ann\u00e9e apr\u00e8s celle enregistr\u00e9e en juillet (+3.1% \u00e9galement) et constitue l\u2019une des [&hellip;]<\/p>\n","protected":false},"author":12,"featured_media":192960,"comment_status":"closed","ping_status":"closed","sticky":false,"template":"","format":"standard","meta":{"_acf_changed":false,"footnotes":""},"categories":[100,187,215],"tags":[],"class_list":["post-195272","post","type-post","status-publish","format-standard","has-post-thumbnail","hentry","category-publications-fr","category-tendance-du-marche-publicitaire","category-werbemarkttrend-fr"],"acf":[],"yoast_head":"<!-- This site is optimized with the Yoast SEO plugin v27.0 - https:\/\/yoast.com\/product\/yoast-seo-wordpress\/ -->\n<title>Une reprise en fin d\u2019ann\u00e9e - Werbekompass<\/title>\n<meta name=\"description\" content=\"Media Focus pr\u00e9sente la tendance du march\u00e9 publicitaire pour d\u00e9cembre 2025 : principaux secteurs, annonceurs, produits et mix m\u00e9dia.\" \/>\n<meta name=\"robots\" content=\"index, follow, max-snippet:-1, max-image-preview:large, max-video-preview:-1\" \/>\n<link rel=\"canonical\" href=\"https:\/\/werbekompass.ch\/fr\/une-reprise-en-fin-dannee\/\" \/>\n<meta property=\"og:locale\" content=\"fr_FR\" \/>\n<meta property=\"og:type\" content=\"article\" \/>\n<meta property=\"og:title\" content=\"Une reprise en fin d\u2019ann\u00e9e - Werbekompass\" \/>\n<meta property=\"og:description\" content=\"Media Focus pr\u00e9sente la tendance du march\u00e9 publicitaire pour d\u00e9cembre 2025 : principaux secteurs, annonceurs, produits et mix m\u00e9dia.\" \/>\n<meta property=\"og:url\" content=\"https:\/\/werbekompass.ch\/fr\/une-reprise-en-fin-dannee\/\" \/>\n<meta property=\"og:site_name\" content=\"Werbekompass\" \/>\n<meta property=\"article:published_time\" content=\"2026-01-22T15:15:54+00:00\" \/>\n<meta property=\"article:modified_time\" content=\"2026-01-28T10:12:09+00:00\" \/>\n<meta property=\"og:image\" content=\"https:\/\/werbekompass.ch\/wp-content\/uploads\/2025\/02\/Titelbild-gerader-Pfeil-1024x576.png\" \/>\n\t<meta property=\"og:image:width\" content=\"1024\" \/>\n\t<meta property=\"og:image:height\" content=\"576\" \/>\n\t<meta property=\"og:image:type\" content=\"image\/png\" \/>\n<meta name=\"author\" content=\"Media Focus\" \/>\n<meta name=\"twitter:card\" content=\"summary_large_image\" \/>\n<meta name=\"twitter:label1\" content=\"\u00c9crit par\" \/>\n\t<meta name=\"twitter:data1\" content=\"Media Focus\" \/>\n\t<meta name=\"twitter:label2\" content=\"Dur\u00e9e de lecture estim\u00e9e\" \/>\n\t<meta name=\"twitter:data2\" content=\"10 minutes\" \/>\n<script type=\"application\/ld+json\" class=\"yoast-schema-graph\">{\"@context\":\"https:\/\/schema.org\",\"@graph\":[{\"@type\":\"Article\",\"@id\":\"https:\/\/werbekompass.ch\/fr\/une-reprise-en-fin-dannee\/#article\",\"isPartOf\":{\"@id\":\"https:\/\/werbekompass.ch\/fr\/une-reprise-en-fin-dannee\/\"},\"author\":{\"name\":\"Media Focus\",\"@id\":\"https:\/\/werbekompass.ch\/fr\/#\/schema\/person\/6a9965f3fa4e754ab6d4e61a669060e0\"},\"headline\":\"Une reprise en fin d\u2019ann\u00e9e\",\"datePublished\":\"2026-01-22T15:15:54+00:00\",\"dateModified\":\"2026-01-28T10:12:09+00:00\",\"mainEntityOfPage\":{\"@id\":\"https:\/\/werbekompass.ch\/fr\/une-reprise-en-fin-dannee\/\"},\"wordCount\":1347,\"image\":{\"@id\":\"https:\/\/werbekompass.ch\/fr\/une-reprise-en-fin-dannee\/#primaryimage\"},\"thumbnailUrl\":\"https:\/\/werbekompass.ch\/wp-content\/uploads\/2025\/02\/Titelbild-gerader-Pfeil.png\",\"articleSection\":[\"Media Focus Publications\",\"Tendance du march\u00e9 publicitaire\",\"Werbemarkt Trend\"],\"inLanguage\":\"fr-FR\"},{\"@type\":\"WebPage\",\"@id\":\"https:\/\/werbekompass.ch\/fr\/une-reprise-en-fin-dannee\/\",\"url\":\"https:\/\/werbekompass.ch\/fr\/une-reprise-en-fin-dannee\/\",\"name\":\"Une reprise en fin d\u2019ann\u00e9e - Werbekompass\",\"isPartOf\":{\"@id\":\"https:\/\/werbekompass.ch\/fr\/#website\"},\"primaryImageOfPage\":{\"@id\":\"https:\/\/werbekompass.ch\/fr\/une-reprise-en-fin-dannee\/#primaryimage\"},\"image\":{\"@id\":\"https:\/\/werbekompass.ch\/fr\/une-reprise-en-fin-dannee\/#primaryimage\"},\"thumbnailUrl\":\"https:\/\/werbekompass.ch\/wp-content\/uploads\/2025\/02\/Titelbild-gerader-Pfeil.png\",\"datePublished\":\"2026-01-22T15:15:54+00:00\",\"dateModified\":\"2026-01-28T10:12:09+00:00\",\"author\":{\"@id\":\"https:\/\/werbekompass.ch\/fr\/#\/schema\/person\/6a9965f3fa4e754ab6d4e61a669060e0\"},\"description\":\"Media Focus pr\u00e9sente la tendance du march\u00e9 publicitaire pour d\u00e9cembre 2025 : principaux secteurs, annonceurs, produits et mix m\u00e9dia.\",\"breadcrumb\":{\"@id\":\"https:\/\/werbekompass.ch\/fr\/une-reprise-en-fin-dannee\/#breadcrumb\"},\"inLanguage\":\"fr-FR\",\"potentialAction\":[{\"@type\":\"ReadAction\",\"target\":[\"https:\/\/werbekompass.ch\/fr\/une-reprise-en-fin-dannee\/\"]}]},{\"@type\":\"ImageObject\",\"inLanguage\":\"fr-FR\",\"@id\":\"https:\/\/werbekompass.ch\/fr\/une-reprise-en-fin-dannee\/#primaryimage\",\"url\":\"https:\/\/werbekompass.ch\/wp-content\/uploads\/2025\/02\/Titelbild-gerader-Pfeil.png\",\"contentUrl\":\"https:\/\/werbekompass.ch\/wp-content\/uploads\/2025\/02\/Titelbild-gerader-Pfeil.png\",\"width\":4000,\"height\":2250},{\"@type\":\"BreadcrumbList\",\"@id\":\"https:\/\/werbekompass.ch\/fr\/une-reprise-en-fin-dannee\/#breadcrumb\",\"itemListElement\":[{\"@type\":\"ListItem\",\"position\":1,\"name\":\"Home\",\"item\":\"https:\/\/werbekompass.ch\/fr\/\"},{\"@type\":\"ListItem\",\"position\":2,\"name\":\"Une reprise en fin d\u2019ann\u00e9e\"}]},{\"@type\":\"WebSite\",\"@id\":\"https:\/\/werbekompass.ch\/fr\/#website\",\"url\":\"https:\/\/werbekompass.ch\/fr\/\",\"name\":\"Werbekompass\",\"description\":\"Der Wegweiser f\u00fcr den Schweizer Werbemarkt\",\"potentialAction\":[{\"@type\":\"SearchAction\",\"target\":{\"@type\":\"EntryPoint\",\"urlTemplate\":\"https:\/\/werbekompass.ch\/fr\/?s={search_term_string}\"},\"query-input\":{\"@type\":\"PropertyValueSpecification\",\"valueRequired\":true,\"valueName\":\"search_term_string\"}}],\"inLanguage\":\"fr-FR\"},{\"@type\":\"Person\",\"@id\":\"https:\/\/werbekompass.ch\/fr\/#\/schema\/person\/6a9965f3fa4e754ab6d4e61a669060e0\",\"name\":\"Media Focus\",\"image\":{\"@type\":\"ImageObject\",\"inLanguage\":\"fr-FR\",\"@id\":\"https:\/\/werbekompass.ch\/fr\/#\/schema\/person\/image\/\",\"url\":\"https:\/\/secure.gravatar.com\/avatar\/8ec154e3c74cc275b9bfed07fce8c8e2225c5b9cd512d65b3b727263274ae22e?s=96&d=mm&r=g\",\"contentUrl\":\"https:\/\/secure.gravatar.com\/avatar\/8ec154e3c74cc275b9bfed07fce8c8e2225c5b9cd512d65b3b727263274ae22e?s=96&d=mm&r=g\",\"caption\":\"Media Focus\"},\"url\":\"https:\/\/werbekompass.ch\/fr\/author\/media-focus\/\"}]}<\/script>\n<!-- \/ Yoast SEO plugin. -->","yoast_head_json":{"title":"Une reprise en fin d\u2019ann\u00e9e - Werbekompass","description":"Media Focus pr\u00e9sente la tendance du march\u00e9 publicitaire pour d\u00e9cembre 2025 : principaux secteurs, annonceurs, produits et mix m\u00e9dia.","robots":{"index":"index","follow":"follow","max-snippet":"max-snippet:-1","max-image-preview":"max-image-preview:large","max-video-preview":"max-video-preview:-1"},"canonical":"https:\/\/werbekompass.ch\/fr\/une-reprise-en-fin-dannee\/","og_locale":"fr_FR","og_type":"article","og_title":"Une reprise en fin d\u2019ann\u00e9e - Werbekompass","og_description":"Media Focus pr\u00e9sente la tendance du march\u00e9 publicitaire pour d\u00e9cembre 2025 : principaux secteurs, annonceurs, produits et mix m\u00e9dia.","og_url":"https:\/\/werbekompass.ch\/fr\/une-reprise-en-fin-dannee\/","og_site_name":"Werbekompass","article_published_time":"2026-01-22T15:15:54+00:00","article_modified_time":"2026-01-28T10:12:09+00:00","og_image":[{"width":1024,"height":576,"url":"https:\/\/werbekompass.ch\/wp-content\/uploads\/2025\/02\/Titelbild-gerader-Pfeil-1024x576.png","type":"image\/png"}],"author":"Media Focus","twitter_card":"summary_large_image","twitter_misc":{"\u00c9crit par":"Media Focus","Dur\u00e9e de lecture estim\u00e9e":"10 minutes"},"schema":{"@context":"https:\/\/schema.org","@graph":[{"@type":"Article","@id":"https:\/\/werbekompass.ch\/fr\/une-reprise-en-fin-dannee\/#article","isPartOf":{"@id":"https:\/\/werbekompass.ch\/fr\/une-reprise-en-fin-dannee\/"},"author":{"name":"Media Focus","@id":"https:\/\/werbekompass.ch\/fr\/#\/schema\/person\/6a9965f3fa4e754ab6d4e61a669060e0"},"headline":"Une reprise en fin d\u2019ann\u00e9e","datePublished":"2026-01-22T15:15:54+00:00","dateModified":"2026-01-28T10:12:09+00:00","mainEntityOfPage":{"@id":"https:\/\/werbekompass.ch\/fr\/une-reprise-en-fin-dannee\/"},"wordCount":1347,"image":{"@id":"https:\/\/werbekompass.ch\/fr\/une-reprise-en-fin-dannee\/#primaryimage"},"thumbnailUrl":"https:\/\/werbekompass.ch\/wp-content\/uploads\/2025\/02\/Titelbild-gerader-Pfeil.png","articleSection":["Media Focus Publications","Tendance du march\u00e9 publicitaire","Werbemarkt Trend"],"inLanguage":"fr-FR"},{"@type":"WebPage","@id":"https:\/\/werbekompass.ch\/fr\/une-reprise-en-fin-dannee\/","url":"https:\/\/werbekompass.ch\/fr\/une-reprise-en-fin-dannee\/","name":"Une reprise en fin d\u2019ann\u00e9e - Werbekompass","isPartOf":{"@id":"https:\/\/werbekompass.ch\/fr\/#website"},"primaryImageOfPage":{"@id":"https:\/\/werbekompass.ch\/fr\/une-reprise-en-fin-dannee\/#primaryimage"},"image":{"@id":"https:\/\/werbekompass.ch\/fr\/une-reprise-en-fin-dannee\/#primaryimage"},"thumbnailUrl":"https:\/\/werbekompass.ch\/wp-content\/uploads\/2025\/02\/Titelbild-gerader-Pfeil.png","datePublished":"2026-01-22T15:15:54+00:00","dateModified":"2026-01-28T10:12:09+00:00","author":{"@id":"https:\/\/werbekompass.ch\/fr\/#\/schema\/person\/6a9965f3fa4e754ab6d4e61a669060e0"},"description":"Media Focus pr\u00e9sente la tendance du march\u00e9 publicitaire pour d\u00e9cembre 2025 : principaux secteurs, annonceurs, produits et mix m\u00e9dia.","breadcrumb":{"@id":"https:\/\/werbekompass.ch\/fr\/une-reprise-en-fin-dannee\/#breadcrumb"},"inLanguage":"fr-FR","potentialAction":[{"@type":"ReadAction","target":["https:\/\/werbekompass.ch\/fr\/une-reprise-en-fin-dannee\/"]}]},{"@type":"ImageObject","inLanguage":"fr-FR","@id":"https:\/\/werbekompass.ch\/fr\/une-reprise-en-fin-dannee\/#primaryimage","url":"https:\/\/werbekompass.ch\/wp-content\/uploads\/2025\/02\/Titelbild-gerader-Pfeil.png","contentUrl":"https:\/\/werbekompass.ch\/wp-content\/uploads\/2025\/02\/Titelbild-gerader-Pfeil.png","width":4000,"height":2250},{"@type":"BreadcrumbList","@id":"https:\/\/werbekompass.ch\/fr\/une-reprise-en-fin-dannee\/#breadcrumb","itemListElement":[{"@type":"ListItem","position":1,"name":"Home","item":"https:\/\/werbekompass.ch\/fr\/"},{"@type":"ListItem","position":2,"name":"Une reprise en fin d\u2019ann\u00e9e"}]},{"@type":"WebSite","@id":"https:\/\/werbekompass.ch\/fr\/#website","url":"https:\/\/werbekompass.ch\/fr\/","name":"Werbekompass","description":"Der Wegweiser f\u00fcr den Schweizer Werbemarkt","potentialAction":[{"@type":"SearchAction","target":{"@type":"EntryPoint","urlTemplate":"https:\/\/werbekompass.ch\/fr\/?s={search_term_string}"},"query-input":{"@type":"PropertyValueSpecification","valueRequired":true,"valueName":"search_term_string"}}],"inLanguage":"fr-FR"},{"@type":"Person","@id":"https:\/\/werbekompass.ch\/fr\/#\/schema\/person\/6a9965f3fa4e754ab6d4e61a669060e0","name":"Media Focus","image":{"@type":"ImageObject","inLanguage":"fr-FR","@id":"https:\/\/werbekompass.ch\/fr\/#\/schema\/person\/image\/","url":"https:\/\/secure.gravatar.com\/avatar\/8ec154e3c74cc275b9bfed07fce8c8e2225c5b9cd512d65b3b727263274ae22e?s=96&d=mm&r=g","contentUrl":"https:\/\/secure.gravatar.com\/avatar\/8ec154e3c74cc275b9bfed07fce8c8e2225c5b9cd512d65b3b727263274ae22e?s=96&d=mm&r=g","caption":"Media Focus"},"url":"https:\/\/werbekompass.ch\/fr\/author\/media-focus\/"}]}},"_links":{"self":[{"href":"https:\/\/werbekompass.ch\/fr\/wp-json\/wp\/v2\/posts\/195272","targetHints":{"allow":["GET"]}}],"collection":[{"href":"https:\/\/werbekompass.ch\/fr\/wp-json\/wp\/v2\/posts"}],"about":[{"href":"https:\/\/werbekompass.ch\/fr\/wp-json\/wp\/v2\/types\/post"}],"author":[{"embeddable":true,"href":"https:\/\/werbekompass.ch\/fr\/wp-json\/wp\/v2\/users\/12"}],"replies":[{"embeddable":true,"href":"https:\/\/werbekompass.ch\/fr\/wp-json\/wp\/v2\/comments?post=195272"}],"version-history":[{"count":6,"href":"https:\/\/werbekompass.ch\/fr\/wp-json\/wp\/v2\/posts\/195272\/revisions"}],"predecessor-version":[{"id":195330,"href":"https:\/\/werbekompass.ch\/fr\/wp-json\/wp\/v2\/posts\/195272\/revisions\/195330"}],"wp:featuredmedia":[{"embeddable":true,"href":"https:\/\/werbekompass.ch\/fr\/wp-json\/wp\/v2\/media\/192960"}],"wp:attachment":[{"href":"https:\/\/werbekompass.ch\/fr\/wp-json\/wp\/v2\/media?parent=195272"}],"wp:term":[{"taxonomy":"category","embeddable":true,"href":"https:\/\/werbekompass.ch\/fr\/wp-json\/wp\/v2\/categories?post=195272"},{"taxonomy":"post_tag","embeddable":true,"href":"https:\/\/werbekompass.ch\/fr\/wp-json\/wp\/v2\/tags?post=195272"}],"curies":[{"name":"wp","href":"https:\/\/api.w.org\/{rel}","templated":true}]}}