{"id":195960,"date":"2026-04-20T09:42:23","date_gmt":"2026-04-20T09:42:23","guid":{"rendered":"https:\/\/werbekompass.ch\/?p=195960"},"modified":"2026-04-20T09:47:22","modified_gmt":"2026-04-20T09:47:22","slug":"fr-titel","status":"publish","type":"post","link":"https:\/\/werbekompass.ch\/fr\/fr-titel\/","title":{"rendered":"L\u00e9g\u00e8re hausse au premier trimestre, malgr\u00e9 un recul en mars"},"content":{"rendered":"\n<div style=\"height:17px\" aria-hidden=\"true\" class=\"wp-block-spacer\"><\/div>\n\n\n\n<div class=\"wp-block-media-text alignfull has-media-on-the-right is-stacked-on-mobile wbk-media-text-partner-promotion-block has-white-color has-text-color has-background has-link-color wp-elements-e9714b680b71dfec92d8a355c158acbe\" style=\"background-color:#3e3e3e;grid-template-columns:auto 34%\"><div class=\"wp-block-media-text__content\">\n<h1 class=\"wp-block-heading has-white-color has-text-color has-link-color has-x-large-font-size wp-elements-9daad071f958645ee499bc12f72a1eb3\">Tendance du march\u00e9 publicitaire&nbsp;<\/h1>\n\n\n\n<p class=\"has-turquoise-color has-text-color has-link-color has-large-font-size wp-elements-0dcd295829e66b44a26f99e9ac0124c0\">Mars 2026<\/p>\n<\/div><figure class=\"wp-block-media-text__media\"><img loading=\"lazy\" decoding=\"async\" width=\"1024\" height=\"576\" src=\"https:\/\/werbekompass.ch\/wp-content\/uploads\/2025\/02\/Titelbild-Pfeil-neu-1024x576.png\" alt=\"\" class=\"wp-image-192968 size-full\" srcset=\"https:\/\/werbekompass.ch\/wp-content\/uploads\/2025\/02\/Titelbild-Pfeil-neu-1024x576.png 1024w, https:\/\/werbekompass.ch\/wp-content\/uploads\/2025\/02\/Titelbild-Pfeil-neu-300x169.png 300w, https:\/\/werbekompass.ch\/wp-content\/uploads\/2025\/02\/Titelbild-Pfeil-neu-768x432.png 768w, https:\/\/werbekompass.ch\/wp-content\/uploads\/2025\/02\/Titelbild-Pfeil-neu-1536x864.png 1536w, https:\/\/werbekompass.ch\/wp-content\/uploads\/2025\/02\/Titelbild-Pfeil-neu-2048x1152.png 2048w\" sizes=\"auto, (max-width: 1024px) 100vw, 1024px\" \/><\/figure><\/div>\n\n\n\n<p>Le march\u00e9 publicitaire classique cl\u00f4ture le premier trimestre avec un total de<strong> 865.2&nbsp;millions de CHF<\/strong>, soit une l\u00e9g\u00e8re hausse de <strong>+0.6%<\/strong>, qui s\u2019explique par les bons r\u00e9sultats de janvier et de f\u00e9vrier.<\/p>\n\n\n\n<p>En mars, comme attendu, la pression publicitaire brute a atteint son plus haut niveau de l\u2019ann\u00e9e \u00e0 ce jour (<strong>334,8&nbsp;millions de CHF<\/strong>), mais recule l\u00e9g\u00e8rement de <strong>2.0%<\/strong> par rapport \u00e0 l\u2019ann\u00e9e pr\u00e9c\u00e9dente.<\/p>\n\n\n\n<p>L\u2019<strong>Out-of-Home<\/strong> reste fort avec une croissance marqu\u00e9e de <strong>24.1%<\/strong>, notamment port\u00e9e par les campagnes d\u2019image de Migros. En revanche, les autres cat\u00e9gories de m\u00e9dias classiques connaissent tous une baisse: le <strong>cin\u00e9ma<\/strong> accuse le recul le plus fort <strong>(-54.9%)<\/strong>, suivi de la <strong>presse<\/strong> <strong>(-10.1%)<\/strong>, de la <strong>t\u00e9l\u00e9vision (-8.4%)<\/strong> et de la <strong>radio (-1.5%)<\/strong>. <\/p>\n\n\n\n<p>Sur le march\u00e9 num\u00e9rique, la pression publicitaire brute atteint <strong>189.4 millions de CHF<\/strong> en mars, avec un mix de m\u00e9dias ax\u00e9s sur les canaux: le canal <strong>Search<\/strong> continue de dominer avec une part de march\u00e9 de <strong>63.5%<\/strong>, suivi par <strong>Display(27.7%)<\/strong> et <strong>YouTube(8.9%)<\/strong>.<\/p>\n\n\n\n<div style=\"height:17px\" aria-hidden=\"true\" class=\"wp-block-spacer\"><\/div>\n\n\n\n<hr class=\"wp-block-separator has-alpha-channel-opacity is-style-dots\" style=\"margin-top:0;margin-bottom:0\"\/>\n\n\n\n<h3 class=\"wp-block-heading\" style=\"font-size:25px\"><strong>Pression publicitaire sur le march\u00e9 global<\/strong><\/h3>\n\n\n\n<p>\u00c9volution de la pression publicitaire au mois de mars&nbsp;2026 en millions de francs bruts.<\/p>\n\n\n\n<figure class=\"wp-block-image size-full is-resized\"><img loading=\"lazy\" decoding=\"async\" width=\"2560\" height=\"1460\" src=\"https:\/\/werbekompass.ch\/wp-content\/uploads\/2026\/04\/FR-Werbemarkt-Trend-Marz-2026-Gesamtmarkt-klassisch-scaled.png\" alt=\"\" class=\"wp-image-196150\" style=\"width:1085px;height:auto\" srcset=\"https:\/\/werbekompass.ch\/wp-content\/uploads\/2026\/04\/FR-Werbemarkt-Trend-Marz-2026-Gesamtmarkt-klassisch-scaled.png 2560w, https:\/\/werbekompass.ch\/wp-content\/uploads\/2026\/04\/FR-Werbemarkt-Trend-Marz-2026-Gesamtmarkt-klassisch-300x171.png 300w, https:\/\/werbekompass.ch\/wp-content\/uploads\/2026\/04\/FR-Werbemarkt-Trend-Marz-2026-Gesamtmarkt-klassisch-1024x584.png 1024w, https:\/\/werbekompass.ch\/wp-content\/uploads\/2026\/04\/FR-Werbemarkt-Trend-Marz-2026-Gesamtmarkt-klassisch-768x438.png 768w, https:\/\/werbekompass.ch\/wp-content\/uploads\/2026\/04\/FR-Werbemarkt-Trend-Marz-2026-Gesamtmarkt-klassisch-1536x876.png 1536w, https:\/\/werbekompass.ch\/wp-content\/uploads\/2026\/04\/FR-Werbemarkt-Trend-Marz-2026-Gesamtmarkt-klassisch-2048x1168.png 2048w\" sizes=\"auto, (max-width: 2560px) 100vw, 2560px\" \/><\/figure>\n\n\n\n<figure class=\"wp-block-image size-full is-resized\"><img loading=\"lazy\" decoding=\"async\" width=\"2560\" height=\"1460\" src=\"https:\/\/werbekompass.ch\/wp-content\/uploads\/2026\/04\/FR-Werbemarkt-Trend-Marz-2026-Monatsentwicklung-Media-Mix-klassisch-scaled.png\" alt=\"\" class=\"wp-image-196153\" style=\"width:1085px;height:auto\" srcset=\"https:\/\/werbekompass.ch\/wp-content\/uploads\/2026\/04\/FR-Werbemarkt-Trend-Marz-2026-Monatsentwicklung-Media-Mix-klassisch-scaled.png 2560w, https:\/\/werbekompass.ch\/wp-content\/uploads\/2026\/04\/FR-Werbemarkt-Trend-Marz-2026-Monatsentwicklung-Media-Mix-klassisch-300x171.png 300w, https:\/\/werbekompass.ch\/wp-content\/uploads\/2026\/04\/FR-Werbemarkt-Trend-Marz-2026-Monatsentwicklung-Media-Mix-klassisch-1024x584.png 1024w, https:\/\/werbekompass.ch\/wp-content\/uploads\/2026\/04\/FR-Werbemarkt-Trend-Marz-2026-Monatsentwicklung-Media-Mix-klassisch-768x438.png 768w, https:\/\/werbekompass.ch\/wp-content\/uploads\/2026\/04\/FR-Werbemarkt-Trend-Marz-2026-Monatsentwicklung-Media-Mix-klassisch-1536x876.png 1536w, https:\/\/werbekompass.ch\/wp-content\/uploads\/2026\/04\/FR-Werbemarkt-Trend-Marz-2026-Monatsentwicklung-Media-Mix-klassisch-2048x1168.png 2048w\" sizes=\"auto, (max-width: 2560px) 100vw, 2560px\" \/><\/figure>\n\n\n\n<h3 class=\"wp-block-heading\" style=\"font-size:18px\"><strong><strong><strong><strong>\u00c9volution positive dans <strong>9<\/strong>\u00a0secteurs<\/strong><\/strong><\/strong><\/strong><\/h3>\n\n\n\n<p>Au total, neuf secteurs enregistrent une croissance. Le <strong>secteur \u00c9nergie<\/strong> enregistre la plus forte augmentation en pourcentage <strong>(+39.1%)<\/strong>, principalement gr\u00e2ce aux campagnes d\u2019image d\u2019<strong>Axpo Energy<\/strong>, mais reste \u00e0 l\u2019avant-derni\u00e8re place du classement. Les <strong>Boissons (35.2%)<\/strong>, les <strong>Besoins Personnels (24.2%)<\/strong> et les <strong>V\u00e9hicules (22.5%)<\/strong> progressent aussi fortement. Le secteur <strong>Loisirs, Gastronomie, Tourisme <\/strong>occupe la troisi\u00e8me place avec une hausse mod\u00e9r\u00e9e de 3.4%.<\/p>\n\n\n\n<h3 class=\"wp-block-heading\" style=\"font-size:18px\"><strong><strong><strong><strong>Recul dans 12 secteurs<\/strong><\/strong><\/strong><\/strong><\/h3>\n\n\n\n<p>\u00c0 l\u2019inverse, douze secteurs connaissent une baisse de leur pression publicitaire par rapport \u00e0 l\u2019ann\u00e9e pr\u00e9c\u00e9dente. La plus forte baisse de pourcentage concerne les <strong>Produits tabagiques<\/strong> (-72.2%), apr\u00e8s avoir enregistr\u00e9 la plus forte hausse le mois pr\u00e9c\u00e9dent. Les <strong>M\u00e9dias (-31.3%)<\/strong> et la <strong>Mode &amp; Sport<\/strong> <strong>(-31.1%)<\/strong> affichent \u00e9galement un recul important. Malgr\u00e9 cette \u00e9volution \u00e0 la baisse, le <strong>Commerce De D\u00e9tail (-3.1%)<\/strong> et les<strong> Produits Alimentaires (-3.6%)<\/strong> continuent de faire partie des secteurs \u00e0 forte pression publicitaire. Les <strong>Prestation De Services <\/strong>et les <strong>Cosm\u00e9tiques &amp; Soin Du Corps<\/strong> voient aussi leur pression publicitaire diminuer sensiblement <strong>(-14.8% et -18.0% respectivement).<\/strong> Les reculs sont plus mod\u00e9r\u00e9s dans la <strong>Finance (-3.9%), la Pharmaceutique &amp; Sant\u00e9 (-3.2%) <\/strong>et la<strong> T\u00e9l\u00e9communication (-3.7%)<\/strong>.<\/p>\n\n\n\n<h3 class=\"wp-block-heading\" style=\"font-size:20px\"><br><strong>Classement sectoriel<\/strong><\/h3>\n\n\n\n<p>Classement sectoriel de mars&nbsp;2026.<\/p>\n\n\n\n<figure class=\"wp-block-image size-full is-resized\"><img loading=\"lazy\" decoding=\"async\" width=\"2560\" height=\"1460\" src=\"https:\/\/werbekompass.ch\/wp-content\/uploads\/2026\/04\/FR-Werbemarkt-Trend-Marz-2026-Branchenranking-klassisch-scaled.png\" alt=\"\" class=\"wp-image-196156\" style=\"width:1084px;height:auto\" srcset=\"https:\/\/werbekompass.ch\/wp-content\/uploads\/2026\/04\/FR-Werbemarkt-Trend-Marz-2026-Branchenranking-klassisch-scaled.png 2560w, https:\/\/werbekompass.ch\/wp-content\/uploads\/2026\/04\/FR-Werbemarkt-Trend-Marz-2026-Branchenranking-klassisch-300x171.png 300w, https:\/\/werbekompass.ch\/wp-content\/uploads\/2026\/04\/FR-Werbemarkt-Trend-Marz-2026-Branchenranking-klassisch-1024x584.png 1024w, https:\/\/werbekompass.ch\/wp-content\/uploads\/2026\/04\/FR-Werbemarkt-Trend-Marz-2026-Branchenranking-klassisch-768x438.png 768w, https:\/\/werbekompass.ch\/wp-content\/uploads\/2026\/04\/FR-Werbemarkt-Trend-Marz-2026-Branchenranking-klassisch-1536x876.png 1536w, https:\/\/werbekompass.ch\/wp-content\/uploads\/2026\/04\/FR-Werbemarkt-Trend-Marz-2026-Branchenranking-klassisch-2048x1168.png 2048w\" sizes=\"auto, (max-width: 2560px) 100vw, 2560px\" \/><\/figure>\n\n\n\n<h3 class=\"wp-block-heading\" style=\"font-size:20px\"><strong>Les meilleurs annonceurs et produits<\/strong><\/h3>\n\n\n\n<p>Les meilleurs annonceurs et les produits et services les plus promus (hors promotion d\u2019assortiment et d\u2019image et hors cat\u00e9gories) en mars&nbsp;2026.<\/p>\n\n\n\n<figure class=\"wp-block-image size-full\"><img loading=\"lazy\" decoding=\"async\" width=\"2560\" height=\"1000\" src=\"https:\/\/werbekompass.ch\/wp-content\/uploads\/2026\/04\/FR-Werbemarkt-Trend-Marz-2026-Top-Produkte-klassisch-scaled.png\" alt=\"\" class=\"wp-image-196159\" srcset=\"https:\/\/werbekompass.ch\/wp-content\/uploads\/2026\/04\/FR-Werbemarkt-Trend-Marz-2026-Top-Produkte-klassisch-scaled.png 2560w, https:\/\/werbekompass.ch\/wp-content\/uploads\/2026\/04\/FR-Werbemarkt-Trend-Marz-2026-Top-Produkte-klassisch-300x117.png 300w, https:\/\/werbekompass.ch\/wp-content\/uploads\/2026\/04\/FR-Werbemarkt-Trend-Marz-2026-Top-Produkte-klassisch-1024x400.png 1024w, https:\/\/werbekompass.ch\/wp-content\/uploads\/2026\/04\/FR-Werbemarkt-Trend-Marz-2026-Top-Produkte-klassisch-768x300.png 768w, https:\/\/werbekompass.ch\/wp-content\/uploads\/2026\/04\/FR-Werbemarkt-Trend-Marz-2026-Top-Produkte-klassisch-1536x600.png 1536w, https:\/\/werbekompass.ch\/wp-content\/uploads\/2026\/04\/FR-Werbemarkt-Trend-Marz-2026-Top-Produkte-klassisch-2048x800.png 2048w\" sizes=\"auto, (max-width: 2560px) 100vw, 2560px\" \/><\/figure>\n\n\n\n<h3 class=\"wp-block-heading\" style=\"font-size:20px\"><strong>Mix de m\u00e9dias<\/strong><\/h3>\n\n\n\n<p>Mix de m\u00e9dias pour le mois de mars.<\/p>\n\n\n\n<figure class=\"wp-block-image size-full is-resized\"><img loading=\"lazy\" decoding=\"async\" width=\"2560\" height=\"1460\" src=\"https:\/\/werbekompass.ch\/wp-content\/uploads\/2026\/04\/FR-Werbemarkt-Trend-Marz-2026-Media-Mix-klassisch-scaled.png\" alt=\"\" class=\"wp-image-196162\" style=\"width:1084px;height:auto\" srcset=\"https:\/\/werbekompass.ch\/wp-content\/uploads\/2026\/04\/FR-Werbemarkt-Trend-Marz-2026-Media-Mix-klassisch-scaled.png 2560w, https:\/\/werbekompass.ch\/wp-content\/uploads\/2026\/04\/FR-Werbemarkt-Trend-Marz-2026-Media-Mix-klassisch-300x171.png 300w, https:\/\/werbekompass.ch\/wp-content\/uploads\/2026\/04\/FR-Werbemarkt-Trend-Marz-2026-Media-Mix-klassisch-1024x584.png 1024w, https:\/\/werbekompass.ch\/wp-content\/uploads\/2026\/04\/FR-Werbemarkt-Trend-Marz-2026-Media-Mix-klassisch-768x438.png 768w, https:\/\/werbekompass.ch\/wp-content\/uploads\/2026\/04\/FR-Werbemarkt-Trend-Marz-2026-Media-Mix-klassisch-1536x876.png 1536w, https:\/\/werbekompass.ch\/wp-content\/uploads\/2026\/04\/FR-Werbemarkt-Trend-Marz-2026-Media-Mix-klassisch-2048x1168.png 2048w\" sizes=\"auto, (max-width: 2560px) 100vw, 2560px\" \/><\/figure>\n\n\n\n<hr class=\"wp-block-separator has-alpha-channel-opacity is-style-default\"\/>\n\n\n\n<div style=\"height:37px\" aria-hidden=\"true\" class=\"wp-block-spacer\"><\/div>\n\n\n\n<h3 class=\"wp-block-heading\" style=\"font-size:25px\"><strong>Pression publicitaire sur le march\u00e9 num\u00e9rique<\/strong><\/h3>\n\n\n\n<p>\u00c9volution de la pression publicitaire au mois de mars 2026 en millions de francs bruts.<\/p>\n\n\n\n<figure class=\"wp-block-image size-full is-resized\"><img loading=\"lazy\" decoding=\"async\" width=\"2560\" height=\"1460\" src=\"https:\/\/werbekompass.ch\/wp-content\/uploads\/2026\/04\/FR-Werbemarkt-Trend-Marz-2026-Gessamtmarkt-digital-scaled.png\" alt=\"\" class=\"wp-image-196165\" style=\"width:1083px;height:auto\" srcset=\"https:\/\/werbekompass.ch\/wp-content\/uploads\/2026\/04\/FR-Werbemarkt-Trend-Marz-2026-Gessamtmarkt-digital-scaled.png 2560w, https:\/\/werbekompass.ch\/wp-content\/uploads\/2026\/04\/FR-Werbemarkt-Trend-Marz-2026-Gessamtmarkt-digital-300x171.png 300w, https:\/\/werbekompass.ch\/wp-content\/uploads\/2026\/04\/FR-Werbemarkt-Trend-Marz-2026-Gessamtmarkt-digital-1024x584.png 1024w, https:\/\/werbekompass.ch\/wp-content\/uploads\/2026\/04\/FR-Werbemarkt-Trend-Marz-2026-Gessamtmarkt-digital-768x438.png 768w, https:\/\/werbekompass.ch\/wp-content\/uploads\/2026\/04\/FR-Werbemarkt-Trend-Marz-2026-Gessamtmarkt-digital-1536x876.png 1536w, https:\/\/werbekompass.ch\/wp-content\/uploads\/2026\/04\/FR-Werbemarkt-Trend-Marz-2026-Gessamtmarkt-digital-2048x1168.png 2048w\" sizes=\"auto, (max-width: 2560px) 100vw, 2560px\" \/><\/figure>\n\n\n\n<figure class=\"wp-block-image size-full is-resized\"><img loading=\"lazy\" decoding=\"async\" width=\"2560\" height=\"1460\" src=\"https:\/\/werbekompass.ch\/wp-content\/uploads\/2026\/04\/FR-Werbemarkt-Trend-Marz-2026-Monatentwicklung-digital-scaled.png\" alt=\"\" class=\"wp-image-196168\" style=\"width:1083px;height:auto\" srcset=\"https:\/\/werbekompass.ch\/wp-content\/uploads\/2026\/04\/FR-Werbemarkt-Trend-Marz-2026-Monatentwicklung-digital-scaled.png 2560w, https:\/\/werbekompass.ch\/wp-content\/uploads\/2026\/04\/FR-Werbemarkt-Trend-Marz-2026-Monatentwicklung-digital-300x171.png 300w, https:\/\/werbekompass.ch\/wp-content\/uploads\/2026\/04\/FR-Werbemarkt-Trend-Marz-2026-Monatentwicklung-digital-1024x584.png 1024w, https:\/\/werbekompass.ch\/wp-content\/uploads\/2026\/04\/FR-Werbemarkt-Trend-Marz-2026-Monatentwicklung-digital-768x438.png 768w, https:\/\/werbekompass.ch\/wp-content\/uploads\/2026\/04\/FR-Werbemarkt-Trend-Marz-2026-Monatentwicklung-digital-1536x876.png 1536w, https:\/\/werbekompass.ch\/wp-content\/uploads\/2026\/04\/FR-Werbemarkt-Trend-Marz-2026-Monatentwicklung-digital-2048x1168.png 2048w\" sizes=\"auto, (max-width: 2560px) 100vw, 2560px\" \/><\/figure>\n\n\n\n<p>*Pour une meilleure comparabilit\u00e9 avec l\u2019ann\u00e9e pr\u00e9c\u00e9dente, le march\u00e9 publicitaire classique et les canaux num\u00e9riques (Search, YouTube, Display) sont pr\u00e9sent\u00e9s s\u00e9par\u00e9ment. Les fluctuations de la saisie en ligne peuvent \u00eatre accentu\u00e9es par des influences externes, notamment des mises \u00e0 jour techniques de la part de grandes plateformes telles que Google ou YouTube. Cela concerne en particulier le domaine Search, qui subit r\u00e9guli\u00e8rement des changements susceptibles de nuire \u00e0 la comparabilit\u00e9 de la pression publicitaire brute avec l\u2019ann\u00e9e pr\u00e9c\u00e9dente.<\/p>\n\n\n\n<h3 class=\"wp-block-heading\" style=\"font-size:18px\"><strong><strong><br>Classement sectoriel YTD: comparaison entre les canaux classiques et les canaux num\u00e9riques<\/strong><\/strong><\/h3>\n\n\n\n<p>En mars, le <strong>Commerce De D\u00e9tail<\/strong> arrive en t\u00eate du march\u00e9 classique, suivi des <strong>Produits Alimentaires<\/strong> et du secteur <strong>Loisirs, Gastronomie, Tourisme<\/strong>, qui occupe la premi\u00e8re place sur le march\u00e9 num\u00e9rique, devant la <strong>Finance<\/strong> et la <strong>Prestation De<\/strong> <strong>Service<\/strong>s. Dans le classement classique, ces deux secteurs ne se trouvent qu\u2019en cinqui\u00e8me et neuvi\u00e8me positions, tandis que le <strong>Commerce De D\u00e9tail<\/strong> et les<strong> Produits Alimentaires<\/strong> reculent respectivement aux quatri\u00e8me et douzi\u00e8me rangs sur le march\u00e9 num\u00e9rique.<\/p>\n\n\n\n<p>Les secteurs <strong>Mode &amp; Sport<\/strong> et <strong>Pharmaceutique &amp; Sant\u00e9<\/strong> se situent en milieu de classement sur les deux march\u00e9s. Dans le tiers inf\u00e9rieur des deux march\u00e9s se trouvent les secteurs <strong>Produits<\/strong> <strong>Tabagiques, \u00c9nergie, M\u00e9dias<\/strong> et<strong> Nettoyage<\/strong>.<\/p>\n\n\n\n<p>La <strong>T\u00e9l\u00e9communication<\/strong> occupe la cinqui\u00e8me place sur le march\u00e9 num\u00e9rique, alors qu\u2019elle n\u2019atteint que la treizi\u00e8me place sur le march\u00e9 classique. On observe la situation inverse pour le secteur<strong> Initiatives &amp; Campagnes<\/strong>: il occupe la septi\u00e8me place sur le march\u00e9 classique, mais chute \u00e0 la 14<sup>e<\/sup>&nbsp;place dans le classement num\u00e9rique. C\u2019est un signe que les canaux num\u00e9riques y jouent un r\u00f4le plus limit\u00e9 dans la strat\u00e9gie de communication.<\/p>\n\n\n\n<div style=\"height:37px\" aria-hidden=\"true\" class=\"wp-block-spacer\"><\/div>\n\n\n\n<h3 class=\"wp-block-heading\" style=\"font-size:20px\"><strong>Classement sectoriel<\/strong><\/h3>\n\n\n\n<p>Classement sectoriel de mars&nbsp;2026.<\/p>\n\n\n\n<figure class=\"wp-block-image size-full is-resized\"><img loading=\"lazy\" decoding=\"async\" width=\"2560\" height=\"1460\" src=\"https:\/\/werbekompass.ch\/wp-content\/uploads\/2026\/04\/FR-Werbemarkt-Trend-Marz-2026-Branchenranking-SoA-scaled.png\" alt=\"\" class=\"wp-image-196171\" style=\"width:1085px;height:auto\" srcset=\"https:\/\/werbekompass.ch\/wp-content\/uploads\/2026\/04\/FR-Werbemarkt-Trend-Marz-2026-Branchenranking-SoA-scaled.png 2560w, https:\/\/werbekompass.ch\/wp-content\/uploads\/2026\/04\/FR-Werbemarkt-Trend-Marz-2026-Branchenranking-SoA-300x171.png 300w, https:\/\/werbekompass.ch\/wp-content\/uploads\/2026\/04\/FR-Werbemarkt-Trend-Marz-2026-Branchenranking-SoA-1024x584.png 1024w, https:\/\/werbekompass.ch\/wp-content\/uploads\/2026\/04\/FR-Werbemarkt-Trend-Marz-2026-Branchenranking-SoA-768x438.png 768w, https:\/\/werbekompass.ch\/wp-content\/uploads\/2026\/04\/FR-Werbemarkt-Trend-Marz-2026-Branchenranking-SoA-1536x876.png 1536w, https:\/\/werbekompass.ch\/wp-content\/uploads\/2026\/04\/FR-Werbemarkt-Trend-Marz-2026-Branchenranking-SoA-2048x1168.png 2048w\" sizes=\"auto, (max-width: 2560px) 100vw, 2560px\" \/><\/figure>\n\n\n\n<div style=\"height:37px\" aria-hidden=\"true\" class=\"wp-block-spacer\"><\/div>\n\n\n\n<h3 class=\"wp-block-heading\" style=\"font-size:20px\"><strong>Les meilleurs produits num\u00e9riques<\/strong><\/h3>\n\n\n\n<p>Les produits et services les plus promus (hors promotion d\u2019assortiment et d\u2019image et hors cat\u00e9gories) en mars&nbsp;2026.<\/p>\n\n\n\n<figure class=\"wp-block-image size-full is-resized\"><img loading=\"lazy\" decoding=\"async\" width=\"2560\" height=\"913\" src=\"https:\/\/werbekompass.ch\/wp-content\/uploads\/2026\/04\/FR-Werbemarkt-Trend-Marz-2026-Top-Produkte-digital-scaled.png\" alt=\"\" class=\"wp-image-196174\" style=\"width:1082px;height:auto\" srcset=\"https:\/\/werbekompass.ch\/wp-content\/uploads\/2026\/04\/FR-Werbemarkt-Trend-Marz-2026-Top-Produkte-digital-scaled.png 2560w, https:\/\/werbekompass.ch\/wp-content\/uploads\/2026\/04\/FR-Werbemarkt-Trend-Marz-2026-Top-Produkte-digital-300x107.png 300w, https:\/\/werbekompass.ch\/wp-content\/uploads\/2026\/04\/FR-Werbemarkt-Trend-Marz-2026-Top-Produkte-digital-1024x365.png 1024w, https:\/\/werbekompass.ch\/wp-content\/uploads\/2026\/04\/FR-Werbemarkt-Trend-Marz-2026-Top-Produkte-digital-768x274.png 768w, https:\/\/werbekompass.ch\/wp-content\/uploads\/2026\/04\/FR-Werbemarkt-Trend-Marz-2026-Top-Produkte-digital-1536x548.png 1536w, https:\/\/werbekompass.ch\/wp-content\/uploads\/2026\/04\/FR-Werbemarkt-Trend-Marz-2026-Top-Produkte-digital-2048x730.png 2048w\" sizes=\"auto, (max-width: 2560px) 100vw, 2560px\" \/><\/figure>\n\n\n\n<p>En mars, le march\u00e9 publicitaire num\u00e9rique affiche un tableau clairement ax\u00e9 sur les canaux: alors que <strong>Search<\/strong> reste fortement orient\u00e9 sur les performances et les voyages, <strong>Display<\/strong> et <strong>YouTube<\/strong> refl\u00e8tent un \u00e9ventail d\u2019offres plus diversifi\u00e9.<\/p>\n\n\n\n<p>Comme le mois pr\u00e9c\u00e9dent, <strong>SPUSU.CH<\/strong> est en t\u00eate du classement <strong>Display<\/strong>, suivi du <strong>barbecue<\/strong> <strong>Outdoor Chef<\/strong> et des <strong>boules de caf\u00e9 CoffeeB.<\/strong> Depuis le d\u00e9but de l\u2019ann\u00e9e, l\u2019agence de voyage <strong>Booking.com<\/strong> est en t\u00eate du classement <strong>Search<\/strong>, devant <strong>Yallo.ch<\/strong> et <strong>Opodo.ch<\/strong>. Sur <strong>YouTube<\/strong>, l\u2019entreprise alimentaire Knorr prend la premi\u00e8re place avec son <strong>bouillon<\/strong>, apr\u00e8s une troisi\u00e8me place le mois pr\u00e9c\u00e9dent, devant <strong>Digitec.ch<\/strong> et <strong>Axa Pr\u00e9voyance Priv\u00e9e<\/strong>.<\/p>\n\n\n\n<p>Aucun produit ni service ne figure simultan\u00e9ment en t\u00eate sur plusieurs canaux. Toutefois, l\u2019entreprise d\u2019assurance mondiale Axa se hisse \u00e0 la quatri\u00e8me place du classement <strong>Search<\/strong> avec <strong>Axa.ch<\/strong> et \u00e0 la troisi\u00e8me place sur <strong>YouTube<\/strong> avec son produit <strong>Axa Pr\u00e9voyance Priv\u00e9e<\/strong>.<\/p>\n\n\n\n<div style=\"height:37px\" aria-hidden=\"true\" class=\"wp-block-spacer\"><\/div>\n\n\n\n<h3 class=\"wp-block-heading\" style=\"font-size:20px\"><strong>Mix de m\u00e9dias<\/strong><\/h3>\n\n\n\n<p>Mix de m\u00e9dias pour le mois de mars&nbsp;2026.<\/p>\n\n\n\n<figure class=\"wp-block-image size-full\"><img loading=\"lazy\" decoding=\"async\" width=\"2560\" height=\"1460\" src=\"https:\/\/werbekompass.ch\/wp-content\/uploads\/2026\/04\/FR-Werbemarkt-Trend-Marz-2026-Media-Mix-digital-scaled.png\" alt=\"\" class=\"wp-image-196177\" srcset=\"https:\/\/werbekompass.ch\/wp-content\/uploads\/2026\/04\/FR-Werbemarkt-Trend-Marz-2026-Media-Mix-digital-scaled.png 2560w, https:\/\/werbekompass.ch\/wp-content\/uploads\/2026\/04\/FR-Werbemarkt-Trend-Marz-2026-Media-Mix-digital-300x171.png 300w, https:\/\/werbekompass.ch\/wp-content\/uploads\/2026\/04\/FR-Werbemarkt-Trend-Marz-2026-Media-Mix-digital-1024x584.png 1024w, https:\/\/werbekompass.ch\/wp-content\/uploads\/2026\/04\/FR-Werbemarkt-Trend-Marz-2026-Media-Mix-digital-768x438.png 768w, https:\/\/werbekompass.ch\/wp-content\/uploads\/2026\/04\/FR-Werbemarkt-Trend-Marz-2026-Media-Mix-digital-1536x876.png 1536w, https:\/\/werbekompass.ch\/wp-content\/uploads\/2026\/04\/FR-Werbemarkt-Trend-Marz-2026-Media-Mix-digital-2048x1168.png 2048w\" sizes=\"auto, (max-width: 2560px) 100vw, 2560px\" \/><\/figure>\n\n\n\n<p><\/p>\n\n\n\n<p>Contact: mediafocus@mediafocus.ch, Tel.: +41 43 322 27 50<\/p>\n\n\n\n<div class=\"wp-block-buttons is-layout-flex wp-block-buttons-is-layout-flex\">\n<div class=\"wp-block-button\"><a class=\"wp-block-button__link wp-element-button\" href=\"https:\/\/mediafocus.ch\/fr\/publication\/resume-annuel-2025-le-marche-publicitaire-suisse\/\" target=\"_blank\" rel=\"noreferrer noopener\">R\u00e9sum\u00e9 annuel 2025<\/a><\/div>\n<\/div>\n\n\n\n<div class=\"wp-block-buttons is-layout-flex wp-block-buttons-is-layout-flex\">\n<div class=\"wp-block-button\"><a class=\"wp-block-button__link wp-element-button\" href=\"https:\/\/mediafocus.ch\/fr\/publication\/le-mois-de-fevrier-affiche-une-tendance-a-la-hausse\/\" target=\"_blank\" rel=\"noreferrer noopener\">Tendance du march\u00e9 publicitaire&nbsp;f\u00e9vrier 2026<\/a><\/div>\n<\/div>\n\n\n\n<p><\/p>\n","protected":false},"excerpt":{"rendered":"<p>Tendance du march\u00e9 publicitaire&nbsp; Mars 2026 Le march\u00e9 publicitaire classique cl\u00f4ture le premier trimestre avec un total de 865.2&nbsp;millions de CHF, soit une l\u00e9g\u00e8re hausse de +0.6%, qui s\u2019explique par les bons r\u00e9sultats de janvier et de f\u00e9vrier. En mars, comme attendu, la pression publicitaire brute a atteint son plus haut niveau de l\u2019ann\u00e9e \u00e0 [&hellip;]<\/p>\n","protected":false},"author":12,"featured_media":192960,"comment_status":"closed","ping_status":"closed","sticky":false,"template":"","format":"standard","meta":{"_acf_changed":false,"footnotes":""},"categories":[100,187,215],"tags":[],"class_list":["post-195960","post","type-post","status-publish","format-standard","has-post-thumbnail","hentry","category-publications-fr","category-tendance-du-marche-publicitaire","category-werbemarkttrend-fr"],"acf":[],"yoast_head":"<!-- This site is optimized with the Yoast SEO plugin v27.0 - https:\/\/yoast.com\/product\/yoast-seo-wordpress\/ -->\n<title>L\u00e9g\u00e8re hausse au premier trimestre, malgr\u00e9 un recul en mars - Werbekompass<\/title>\n<meta name=\"description\" content=\"Media Focus pr\u00e9sente la tendance du march\u00e9 publicitaire pour mars 2026 : principaux secteurs, annonceurs, produits et mix m\u00e9dia.\" \/>\n<meta name=\"robots\" content=\"index, follow, max-snippet:-1, max-image-preview:large, max-video-preview:-1\" \/>\n<link rel=\"canonical\" href=\"https:\/\/werbekompass.ch\/fr\/fr-titel\/\" \/>\n<meta property=\"og:locale\" content=\"fr_FR\" \/>\n<meta property=\"og:type\" content=\"article\" \/>\n<meta property=\"og:title\" content=\"L\u00e9g\u00e8re hausse au premier trimestre, malgr\u00e9 un recul en mars - Werbekompass\" \/>\n<meta property=\"og:description\" content=\"Media Focus pr\u00e9sente la tendance du march\u00e9 publicitaire pour mars 2026 : principaux secteurs, annonceurs, produits et mix m\u00e9dia.\" \/>\n<meta property=\"og:url\" content=\"https:\/\/werbekompass.ch\/fr\/fr-titel\/\" \/>\n<meta property=\"og:site_name\" content=\"Werbekompass\" \/>\n<meta property=\"article:published_time\" content=\"2026-04-20T09:42:23+00:00\" \/>\n<meta property=\"article:modified_time\" content=\"2026-04-20T09:47:22+00:00\" \/>\n<meta property=\"og:image\" content=\"https:\/\/werbekompass.ch\/wp-content\/uploads\/2025\/02\/Titelbild-gerader-Pfeil-1024x576.png\" \/>\n\t<meta property=\"og:image:width\" content=\"1024\" \/>\n\t<meta property=\"og:image:height\" content=\"576\" \/>\n\t<meta property=\"og:image:type\" content=\"image\/png\" \/>\n<meta name=\"author\" content=\"Media Focus\" \/>\n<meta name=\"twitter:card\" content=\"summary_large_image\" \/>\n<meta name=\"twitter:label1\" content=\"\u00c9crit par\" \/>\n\t<meta name=\"twitter:data1\" content=\"Media Focus\" \/>\n\t<meta name=\"twitter:label2\" content=\"Dur\u00e9e de lecture estim\u00e9e\" \/>\n\t<meta name=\"twitter:data2\" content=\"8 minutes\" \/>\n<script type=\"application\/ld+json\" class=\"yoast-schema-graph\">{\"@context\":\"https:\/\/schema.org\",\"@graph\":[{\"@type\":\"Article\",\"@id\":\"https:\/\/werbekompass.ch\/fr\/fr-titel\/#article\",\"isPartOf\":{\"@id\":\"https:\/\/werbekompass.ch\/fr\/fr-titel\/\"},\"author\":{\"name\":\"Media Focus\",\"@id\":\"https:\/\/werbekompass.ch\/fr\/#\/schema\/person\/6a9965f3fa4e754ab6d4e61a669060e0\"},\"headline\":\"L\u00e9g\u00e8re hausse au premier trimestre, malgr\u00e9 un recul en mars\",\"datePublished\":\"2026-04-20T09:42:23+00:00\",\"dateModified\":\"2026-04-20T09:47:22+00:00\",\"mainEntityOfPage\":{\"@id\":\"https:\/\/werbekompass.ch\/fr\/fr-titel\/\"},\"wordCount\":1036,\"image\":{\"@id\":\"https:\/\/werbekompass.ch\/fr\/fr-titel\/#primaryimage\"},\"thumbnailUrl\":\"https:\/\/werbekompass.ch\/wp-content\/uploads\/2025\/02\/Titelbild-gerader-Pfeil.png\",\"articleSection\":[\"Media Focus Publications\",\"Tendance du march\u00e9 publicitaire\",\"Werbemarkt Trend\"],\"inLanguage\":\"fr-FR\"},{\"@type\":\"WebPage\",\"@id\":\"https:\/\/werbekompass.ch\/fr\/fr-titel\/\",\"url\":\"https:\/\/werbekompass.ch\/fr\/fr-titel\/\",\"name\":\"L\u00e9g\u00e8re hausse au premier trimestre, malgr\u00e9 un recul en mars - Werbekompass\",\"isPartOf\":{\"@id\":\"https:\/\/werbekompass.ch\/fr\/#website\"},\"primaryImageOfPage\":{\"@id\":\"https:\/\/werbekompass.ch\/fr\/fr-titel\/#primaryimage\"},\"image\":{\"@id\":\"https:\/\/werbekompass.ch\/fr\/fr-titel\/#primaryimage\"},\"thumbnailUrl\":\"https:\/\/werbekompass.ch\/wp-content\/uploads\/2025\/02\/Titelbild-gerader-Pfeil.png\",\"datePublished\":\"2026-04-20T09:42:23+00:00\",\"dateModified\":\"2026-04-20T09:47:22+00:00\",\"author\":{\"@id\":\"https:\/\/werbekompass.ch\/fr\/#\/schema\/person\/6a9965f3fa4e754ab6d4e61a669060e0\"},\"description\":\"Media Focus pr\u00e9sente la tendance du march\u00e9 publicitaire pour mars 2026 : principaux secteurs, annonceurs, produits et mix m\u00e9dia.\",\"breadcrumb\":{\"@id\":\"https:\/\/werbekompass.ch\/fr\/fr-titel\/#breadcrumb\"},\"inLanguage\":\"fr-FR\",\"potentialAction\":[{\"@type\":\"ReadAction\",\"target\":[\"https:\/\/werbekompass.ch\/fr\/fr-titel\/\"]}]},{\"@type\":\"ImageObject\",\"inLanguage\":\"fr-FR\",\"@id\":\"https:\/\/werbekompass.ch\/fr\/fr-titel\/#primaryimage\",\"url\":\"https:\/\/werbekompass.ch\/wp-content\/uploads\/2025\/02\/Titelbild-gerader-Pfeil.png\",\"contentUrl\":\"https:\/\/werbekompass.ch\/wp-content\/uploads\/2025\/02\/Titelbild-gerader-Pfeil.png\",\"width\":4000,\"height\":2250},{\"@type\":\"BreadcrumbList\",\"@id\":\"https:\/\/werbekompass.ch\/fr\/fr-titel\/#breadcrumb\",\"itemListElement\":[{\"@type\":\"ListItem\",\"position\":1,\"name\":\"Home\",\"item\":\"https:\/\/werbekompass.ch\/fr\/\"},{\"@type\":\"ListItem\",\"position\":2,\"name\":\"L\u00e9g\u00e8re hausse au premier trimestre, malgr\u00e9 un recul en mars\"}]},{\"@type\":\"WebSite\",\"@id\":\"https:\/\/werbekompass.ch\/fr\/#website\",\"url\":\"https:\/\/werbekompass.ch\/fr\/\",\"name\":\"Werbekompass\",\"description\":\"Der Wegweiser f\u00fcr den Schweizer Werbemarkt\",\"potentialAction\":[{\"@type\":\"SearchAction\",\"target\":{\"@type\":\"EntryPoint\",\"urlTemplate\":\"https:\/\/werbekompass.ch\/fr\/?s={search_term_string}\"},\"query-input\":{\"@type\":\"PropertyValueSpecification\",\"valueRequired\":true,\"valueName\":\"search_term_string\"}}],\"inLanguage\":\"fr-FR\"},{\"@type\":\"Person\",\"@id\":\"https:\/\/werbekompass.ch\/fr\/#\/schema\/person\/6a9965f3fa4e754ab6d4e61a669060e0\",\"name\":\"Media Focus\",\"image\":{\"@type\":\"ImageObject\",\"inLanguage\":\"fr-FR\",\"@id\":\"https:\/\/werbekompass.ch\/fr\/#\/schema\/person\/image\/\",\"url\":\"https:\/\/secure.gravatar.com\/avatar\/8ec154e3c74cc275b9bfed07fce8c8e2225c5b9cd512d65b3b727263274ae22e?s=96&d=mm&r=g\",\"contentUrl\":\"https:\/\/secure.gravatar.com\/avatar\/8ec154e3c74cc275b9bfed07fce8c8e2225c5b9cd512d65b3b727263274ae22e?s=96&d=mm&r=g\",\"caption\":\"Media Focus\"},\"url\":\"https:\/\/werbekompass.ch\/fr\/author\/media-focus\/\"}]}<\/script>\n<!-- \/ Yoast SEO plugin. -->","yoast_head_json":{"title":"L\u00e9g\u00e8re hausse au premier trimestre, malgr\u00e9 un recul en mars - Werbekompass","description":"Media Focus pr\u00e9sente la tendance du march\u00e9 publicitaire pour mars 2026 : principaux secteurs, annonceurs, produits et mix m\u00e9dia.","robots":{"index":"index","follow":"follow","max-snippet":"max-snippet:-1","max-image-preview":"max-image-preview:large","max-video-preview":"max-video-preview:-1"},"canonical":"https:\/\/werbekompass.ch\/fr\/fr-titel\/","og_locale":"fr_FR","og_type":"article","og_title":"L\u00e9g\u00e8re hausse au premier trimestre, malgr\u00e9 un recul en mars - Werbekompass","og_description":"Media Focus pr\u00e9sente la tendance du march\u00e9 publicitaire pour mars 2026 : principaux secteurs, annonceurs, produits et mix m\u00e9dia.","og_url":"https:\/\/werbekompass.ch\/fr\/fr-titel\/","og_site_name":"Werbekompass","article_published_time":"2026-04-20T09:42:23+00:00","article_modified_time":"2026-04-20T09:47:22+00:00","og_image":[{"width":1024,"height":576,"url":"https:\/\/werbekompass.ch\/wp-content\/uploads\/2025\/02\/Titelbild-gerader-Pfeil-1024x576.png","type":"image\/png"}],"author":"Media Focus","twitter_card":"summary_large_image","twitter_misc":{"\u00c9crit par":"Media Focus","Dur\u00e9e de lecture estim\u00e9e":"8 minutes"},"schema":{"@context":"https:\/\/schema.org","@graph":[{"@type":"Article","@id":"https:\/\/werbekompass.ch\/fr\/fr-titel\/#article","isPartOf":{"@id":"https:\/\/werbekompass.ch\/fr\/fr-titel\/"},"author":{"name":"Media Focus","@id":"https:\/\/werbekompass.ch\/fr\/#\/schema\/person\/6a9965f3fa4e754ab6d4e61a669060e0"},"headline":"L\u00e9g\u00e8re hausse au premier trimestre, malgr\u00e9 un recul en mars","datePublished":"2026-04-20T09:42:23+00:00","dateModified":"2026-04-20T09:47:22+00:00","mainEntityOfPage":{"@id":"https:\/\/werbekompass.ch\/fr\/fr-titel\/"},"wordCount":1036,"image":{"@id":"https:\/\/werbekompass.ch\/fr\/fr-titel\/#primaryimage"},"thumbnailUrl":"https:\/\/werbekompass.ch\/wp-content\/uploads\/2025\/02\/Titelbild-gerader-Pfeil.png","articleSection":["Media Focus Publications","Tendance du march\u00e9 publicitaire","Werbemarkt Trend"],"inLanguage":"fr-FR"},{"@type":"WebPage","@id":"https:\/\/werbekompass.ch\/fr\/fr-titel\/","url":"https:\/\/werbekompass.ch\/fr\/fr-titel\/","name":"L\u00e9g\u00e8re hausse au premier trimestre, malgr\u00e9 un recul en mars - Werbekompass","isPartOf":{"@id":"https:\/\/werbekompass.ch\/fr\/#website"},"primaryImageOfPage":{"@id":"https:\/\/werbekompass.ch\/fr\/fr-titel\/#primaryimage"},"image":{"@id":"https:\/\/werbekompass.ch\/fr\/fr-titel\/#primaryimage"},"thumbnailUrl":"https:\/\/werbekompass.ch\/wp-content\/uploads\/2025\/02\/Titelbild-gerader-Pfeil.png","datePublished":"2026-04-20T09:42:23+00:00","dateModified":"2026-04-20T09:47:22+00:00","author":{"@id":"https:\/\/werbekompass.ch\/fr\/#\/schema\/person\/6a9965f3fa4e754ab6d4e61a669060e0"},"description":"Media Focus pr\u00e9sente la tendance du march\u00e9 publicitaire pour mars 2026 : principaux secteurs, annonceurs, produits et mix m\u00e9dia.","breadcrumb":{"@id":"https:\/\/werbekompass.ch\/fr\/fr-titel\/#breadcrumb"},"inLanguage":"fr-FR","potentialAction":[{"@type":"ReadAction","target":["https:\/\/werbekompass.ch\/fr\/fr-titel\/"]}]},{"@type":"ImageObject","inLanguage":"fr-FR","@id":"https:\/\/werbekompass.ch\/fr\/fr-titel\/#primaryimage","url":"https:\/\/werbekompass.ch\/wp-content\/uploads\/2025\/02\/Titelbild-gerader-Pfeil.png","contentUrl":"https:\/\/werbekompass.ch\/wp-content\/uploads\/2025\/02\/Titelbild-gerader-Pfeil.png","width":4000,"height":2250},{"@type":"BreadcrumbList","@id":"https:\/\/werbekompass.ch\/fr\/fr-titel\/#breadcrumb","itemListElement":[{"@type":"ListItem","position":1,"name":"Home","item":"https:\/\/werbekompass.ch\/fr\/"},{"@type":"ListItem","position":2,"name":"L\u00e9g\u00e8re hausse au premier trimestre, malgr\u00e9 un recul en mars"}]},{"@type":"WebSite","@id":"https:\/\/werbekompass.ch\/fr\/#website","url":"https:\/\/werbekompass.ch\/fr\/","name":"Werbekompass","description":"Der Wegweiser f\u00fcr den Schweizer Werbemarkt","potentialAction":[{"@type":"SearchAction","target":{"@type":"EntryPoint","urlTemplate":"https:\/\/werbekompass.ch\/fr\/?s={search_term_string}"},"query-input":{"@type":"PropertyValueSpecification","valueRequired":true,"valueName":"search_term_string"}}],"inLanguage":"fr-FR"},{"@type":"Person","@id":"https:\/\/werbekompass.ch\/fr\/#\/schema\/person\/6a9965f3fa4e754ab6d4e61a669060e0","name":"Media Focus","image":{"@type":"ImageObject","inLanguage":"fr-FR","@id":"https:\/\/werbekompass.ch\/fr\/#\/schema\/person\/image\/","url":"https:\/\/secure.gravatar.com\/avatar\/8ec154e3c74cc275b9bfed07fce8c8e2225c5b9cd512d65b3b727263274ae22e?s=96&d=mm&r=g","contentUrl":"https:\/\/secure.gravatar.com\/avatar\/8ec154e3c74cc275b9bfed07fce8c8e2225c5b9cd512d65b3b727263274ae22e?s=96&d=mm&r=g","caption":"Media Focus"},"url":"https:\/\/werbekompass.ch\/fr\/author\/media-focus\/"}]}},"_links":{"self":[{"href":"https:\/\/werbekompass.ch\/fr\/wp-json\/wp\/v2\/posts\/195960","targetHints":{"allow":["GET"]}}],"collection":[{"href":"https:\/\/werbekompass.ch\/fr\/wp-json\/wp\/v2\/posts"}],"about":[{"href":"https:\/\/werbekompass.ch\/fr\/wp-json\/wp\/v2\/types\/post"}],"author":[{"embeddable":true,"href":"https:\/\/werbekompass.ch\/fr\/wp-json\/wp\/v2\/users\/12"}],"replies":[{"embeddable":true,"href":"https:\/\/werbekompass.ch\/fr\/wp-json\/wp\/v2\/comments?post=195960"}],"version-history":[{"count":3,"href":"https:\/\/werbekompass.ch\/fr\/wp-json\/wp\/v2\/posts\/195960\/revisions"}],"predecessor-version":[{"id":196184,"href":"https:\/\/werbekompass.ch\/fr\/wp-json\/wp\/v2\/posts\/195960\/revisions\/196184"}],"wp:featuredmedia":[{"embeddable":true,"href":"https:\/\/werbekompass.ch\/fr\/wp-json\/wp\/v2\/media\/192960"}],"wp:attachment":[{"href":"https:\/\/werbekompass.ch\/fr\/wp-json\/wp\/v2\/media?parent=195960"}],"wp:term":[{"taxonomy":"category","embeddable":true,"href":"https:\/\/werbekompass.ch\/fr\/wp-json\/wp\/v2\/categories?post=195960"},{"taxonomy":"post_tag","embeddable":true,"href":"https:\/\/werbekompass.ch\/fr\/wp-json\/wp\/v2\/tags?post=195960"}],"curies":[{"name":"wp","href":"https:\/\/api.w.org\/{rel}","templated":true}]}}